{"id":107840,"date":"2017-02-28T01:42:47","date_gmt":"2017-02-28T04:42:47","guid":{"rendered":"http:\/\/www.redenoticia.com.br\/noticia\/?p=107840"},"modified":"2017-02-28T01:42:47","modified_gmt":"2017-02-28T04:42:47","slug":"resumo-novela-cheias-de-charme-2802-penha-e-gilson-se-encontram-no-hospital","status":"publish","type":"post","link":"https:\/\/migracao.redenoticia.com.br\/noticia\/2017\/resumo-novela-cheias-de-charme-2802-penha-e-gilson-se-encontram-no-hospital\/107840","title":{"rendered":"Resumo novela \u201cCheias de Charme\u201d 28\/02: Penha e Gilson se encontram no hospital"},"content":{"rendered":"<p> <img loading=\"lazy\" decoding=\"async\" class=\"alignleft size-thumbnail wp-image-95548\" src=\"https:\/\/migracao.redenoticia.com.br\/noticia\/imagens\/cheias-de-charme-novela-globo-internacional-resumo-proximo-capitulo-150x112.jpg\" alt=\"cheias-de-charme-novela-globo-internacional-resumo-proximo-capitulo\" width=\"150\" height=\"112\" \/><strong><em>Resumo novela \u201cCheias de Charme\u201d 28\/02<\/em><\/strong>: no cap\u00edtulo 117(*) da novela \u201cCheias de Charme\u201d, resumo de quarta-feira, 28 de fevereiro, Penha repreende Gilson. In\u00e1cio foge de Ros\u00e1rio. Cida afirma que pagar\u00e1 um advogado para Sarmento e pede ajuda a Humberto. Penha fica nervosa ao falar com Otto. Gilson empresta seu carro para Samuel. Chayene manda Socorro fazer uma nova prova. Eloy invade o quarto de In\u00e1cio\/Fabian. Penha se preocupa ao saber que Alana saiu com Samuel de carro. Ros\u00e1rio fica furiosa com In\u00e1cio\/Fabian por seu comportamento com as f\u00e3s. Cida recebe elogios de celebridades no evento de moda em S\u00e3o Paulo. Alana liga para Penha do hospital. Ros\u00e1rio v\u00ea In\u00e1cio\/Fabian entrar com f\u00e3s no quarto. Penha e Gilson se encontram no hospital.<\/p>\n<p>(*) edi\u00e7\u00e3o da Rede Globo, Novela \u201cCheias de Charme\u201d, sujeito a altera\u00e7\u00e3o de data e conte\u00fado.<\/p>\n<p>Cheias de Charme \u00e9 uma telenovela brasileira produzida e exibida pela Rede Globo. Escrita por Filipe Miguez e Izabel de Oliveira, com colabora\u00e7\u00e3o de Daisy Chaves, Isabel Muniz, Jo\u00e3o Brand\u00e3o, Lais Mendes Pimentel, Paula Amaral e S\u00e9rgio Marques, contou com a supervis\u00e3o de texto de Ricardo Linhares e dire\u00e7\u00e3o de Allan Fiterman, Maria de M\u00e9dicis, Nat\u00e1lia Grimberg e Denise Saraceni. Dire\u00e7\u00e3o geral de Carlos Ara\u00fajo e dire\u00e7\u00e3o de n\u00facleo de Denise Saraceni. Contou com as participa\u00e7\u00f5es de Ta\u00eds Ara\u00fajo, Cl\u00e1udia Abreu, Leandra Leal, Isabelle Drummond, Ricardo Tozzi, Malu Galli, Marcos Palmeira e Jonatas Faro.<\/p>\n","protected":false},"excerpt":{"rendered":"<p>Resumo novela \u201cCheias de Charme\u201d 28\/02: no cap\u00edtulo 117(*) da novela \u201cCheias de Charme\u201d, resumo de quarta-feira, 28 de fevereiro, Penha repreende Gilson. In\u00e1cio foge de Ros\u00e1rio. Cida afirma que pagar\u00e1 um advogado para Sarmento e pede ajuda a Humberto. Penha fica nervosa ao falar com Otto. Gilson empresta seu carro para Samuel. Chayene manda [&hellip;]<\/p>\n","protected":false},"author":2,"featured_media":95548,"comment_status":"open","ping_status":"closed","sticky":false,"template":"","format":"standard","meta":{"tdm_status":"","tdm_grid_status":"","footnotes":""},"categories":[379,375,343],"tags":[441],"class_list":{"0":"post-107840","1":"post","2":"type-post","3":"status-publish","4":"format-standard","5":"has-post-thumbnail","7":"category-novelas","8":"category-rede-globo","9":"category-televisao","10":"tag-resumo-do-dia"},"_links":{"self":[{"href":"https:\/\/migracao.redenoticia.com.br\/noticia\/wp-json\/wp\/v2\/posts\/107840","targetHints":{"allow":["GET"]}}],"collection":[{"href":"https:\/\/migracao.redenoticia.com.br\/noticia\/wp-json\/wp\/v2\/posts"}],"about":[{"href":"https:\/\/migracao.redenoticia.com.br\/noticia\/wp-json\/wp\/v2\/types\/post"}],"author":[{"embeddable":true,"href":"https:\/\/migracao.redenoticia.com.br\/noticia\/wp-json\/wp\/v2\/users\/2"}],"replies":[{"embeddable":true,"href":"https:\/\/migracao.redenoticia.com.br\/noticia\/wp-json\/wp\/v2\/comments?post=107840"}],"version-history":[{"count":0,"href":"https:\/\/migracao.redenoticia.com.br\/noticia\/wp-json\/wp\/v2\/posts\/107840\/revisions"}],"wp:featuredmedia":[{"embeddable":true,"href":"https:\/\/migracao.redenoticia.com.br\/noticia\/wp-json\/wp\/v2\/media\/95548"}],"wp:attachment":[{"href":"https:\/\/migracao.redenoticia.com.br\/noticia\/wp-json\/wp\/v2\/media?parent=107840"}],"wp:term":[{"taxonomy":"category","embeddable":true,"href":"https:\/\/migracao.redenoticia.com.br\/noticia\/wp-json\/wp\/v2\/categories?post=107840"},{"taxonomy":"post_tag","embeddable":true,"href":"https:\/\/migracao.redenoticia.com.br\/noticia\/wp-json\/wp\/v2\/tags?post=107840"}],"curies":[{"name":"wp","href":"https:\/\/api.w.org\/{rel}","templated":true}]}}