{"id":107842,"date":"2017-02-28T01:44:01","date_gmt":"2017-02-28T04:44:01","guid":{"rendered":"http:\/\/www.redenoticia.com.br\/noticia\/?p=107842"},"modified":"2017-02-28T01:44:01","modified_gmt":"2017-02-28T04:44:01","slug":"resumo-novela-malhacao-2802-garcez-ataca-barbara","status":"publish","type":"post","link":"https:\/\/migracao.redenoticia.com.br\/noticia\/2017\/resumo-novela-malhacao-2802-garcez-ataca-barbara\/107842","title":{"rendered":"Resumo novela \u201cMalha\u00e7\u00e3o\u201d 28\/02: Garcez ataca B\u00e1rbara"},"content":{"rendered":"<p> <img loading=\"lazy\" decoding=\"async\" class=\"alignleft size-thumbnail wp-image-91715\" src=\"https:\/\/migracao.redenoticia.com.br\/noticia\/imagens\/malhacao_pro_dia_nascer_feliz_resumo_novela-150x112.jpg\" alt=\"malhacao_pro_dia_nascer_feliz_resumo_novela\" width=\"150\" height=\"112\" srcset=\"https:\/\/migracao.redenoticia.com.br\/noticia\/imagens\/malhacao_pro_dia_nascer_feliz_resumo_novela-150x112.jpg 150w, https:\/\/migracao.redenoticia.com.br\/noticia\/imagens\/malhacao_pro_dia_nascer_feliz_resumo_novela-265x198.jpg 265w\" sizes=\"auto, (max-width: 150px) 100vw, 150px\" \/><strong><em>Resumo novela \u201cMalha\u00e7\u00e3o\u201d 28\/02<\/em><\/strong>: no cap\u00edtulo 137(*) da novela \u201cMalha\u00e7\u00e3o\u201d, resumo de quarta-feira, 28 de fevereiro, B\u00e1rbara tenta conter as investidas de Garcez. Giovane confessa a Jorj\u00e3o que terminou com Joana para n\u00e3o atrapalhar a carreira dela. Caio manipula Manuela contra T\u00e2nia. Garcez tenta se aproximar de Joana. R\u00f4mulo assina um contrato para lutar no torneio Rio Combate. Joana enfrenta o ass\u00e9dio de Garcez e tenta alertar B\u00e1rbara, que ignora a irm\u00e3. Vanderson prop\u00f5e que R\u00f4mulo perca a luta para ele intencionalmente. Joana vai \u00e0 casa de Irene em busca de Gabriel. Garcez ataca B\u00e1rbara.<\/p>\n<p>(*) edi\u00e7\u00e3o da Rede Globo, Novela \u201cMalha\u00e7\u00e3o\u201d, sujeito a altera\u00e7\u00e3o de data e conte\u00fado.<\/p>\n<p>A vig\u00e9sima quarta temporada da s\u00e9rie de televis\u00e3o brasileira Malha\u00e7\u00e3o (tamb\u00e9m chamada de Malha\u00e7\u00e3o: Pro Dia Nascer Feliz ou Malha\u00e7\u00e3o 2016), \u00e9 produzida pela Rede Globo e transmitida desde 22 de agosto de 2016. \u00c9 escrita por Emanuel Jacobina, com a colabora\u00e7\u00e3o de Cristiane Dantas, Rodrigo Salom\u00e3o, Juliana Peres, Dino Cantelli, Z\u00e9 Dassilva, Anna Lee e Bruna Paix\u00e3o, dire\u00e7\u00e3o de Mariana Richard e Marco Rodrigo, dire\u00e7\u00e3o geral de Adriano Melo e dire\u00e7\u00e3o art\u00edstica de Leonardo Nogueira. Nesta temporada, escrita pelo autor das duas primeiras temporadas, o n\u00facleo volta a ser uma academia, tendo Aline Dias e Felipe Roque como casal principal da trama. Deborah Secco, Marcos Pasquim, Ricardo Vianna, Amanda de Godoi, Giulia Gayoso, Juliano Laham, Laryssa Ayres, S\u00e9rgio Malheiros, Cynthia Senek, Nego do Borel, Louise Cardoso, Joana Fomm, Oscar Magrini, Malu Falangola, Thiago Fragoso e Barbara Fran\u00e7a interpretam os demais pap\u00e9is centrais da hist\u00f3ria.<\/p>\n","protected":false},"excerpt":{"rendered":"<p>Resumo novela \u201cMalha\u00e7\u00e3o\u201d 28\/02: no cap\u00edtulo 137(*) da novela \u201cMalha\u00e7\u00e3o\u201d, resumo de quarta-feira, 28 de fevereiro, B\u00e1rbara tenta conter as investidas de Garcez. Giovane confessa a Jorj\u00e3o que terminou com Joana para n\u00e3o atrapalhar a carreira dela. Caio manipula Manuela contra T\u00e2nia. Garcez tenta se aproximar de Joana. R\u00f4mulo assina um contrato para lutar no [&hellip;]<\/p>\n","protected":false},"author":2,"featured_media":91715,"comment_status":"open","ping_status":"closed","sticky":false,"template":"","format":"standard","meta":{"tdm_status":"","tdm_grid_status":"","footnotes":""},"categories":[447,379,375,343],"tags":[441],"class_list":{"0":"post-107842","1":"post","2":"type-post","3":"status-publish","4":"format-standard","5":"has-post-thumbnail","7":"category-malhacao","8":"category-novelas","9":"category-rede-globo","10":"category-televisao","11":"tag-resumo-do-dia"},"_links":{"self":[{"href":"https:\/\/migracao.redenoticia.com.br\/noticia\/wp-json\/wp\/v2\/posts\/107842","targetHints":{"allow":["GET"]}}],"collection":[{"href":"https:\/\/migracao.redenoticia.com.br\/noticia\/wp-json\/wp\/v2\/posts"}],"about":[{"href":"https:\/\/migracao.redenoticia.com.br\/noticia\/wp-json\/wp\/v2\/types\/post"}],"author":[{"embeddable":true,"href":"https:\/\/migracao.redenoticia.com.br\/noticia\/wp-json\/wp\/v2\/users\/2"}],"replies":[{"embeddable":true,"href":"https:\/\/migracao.redenoticia.com.br\/noticia\/wp-json\/wp\/v2\/comments?post=107842"}],"version-history":[{"count":0,"href":"https:\/\/migracao.redenoticia.com.br\/noticia\/wp-json\/wp\/v2\/posts\/107842\/revisions"}],"wp:featuredmedia":[{"embeddable":true,"href":"https:\/\/migracao.redenoticia.com.br\/noticia\/wp-json\/wp\/v2\/media\/91715"}],"wp:attachment":[{"href":"https:\/\/migracao.redenoticia.com.br\/noticia\/wp-json\/wp\/v2\/media?parent=107842"}],"wp:term":[{"taxonomy":"category","embeddable":true,"href":"https:\/\/migracao.redenoticia.com.br\/noticia\/wp-json\/wp\/v2\/categories?post=107842"},{"taxonomy":"post_tag","embeddable":true,"href":"https:\/\/migracao.redenoticia.com.br\/noticia\/wp-json\/wp\/v2\/tags?post=107842"}],"curies":[{"name":"wp","href":"https:\/\/api.w.org\/{rel}","templated":true}]}}