{"id":107844,"date":"2017-02-28T01:45:35","date_gmt":"2017-02-28T04:45:35","guid":{"rendered":"http:\/\/www.redenoticia.com.br\/noticia\/?p=107844"},"modified":"2017-02-28T01:45:35","modified_gmt":"2017-02-28T04:45:35","slug":"resumo-novela-sol-nascente-2802-alice-decide-fugir-e-pede-ajuda-a-mario","status":"publish","type":"post","link":"https:\/\/migracao.redenoticia.com.br\/noticia\/2017\/resumo-novela-sol-nascente-2802-alice-decide-fugir-e-pede-ajuda-a-mario\/107844","title":{"rendered":"Resumo novela \u201cSol Nascente\u201d 28\/02: Alice decide fugir e pede ajuda a Mario"},"content":{"rendered":"<p> <img loading=\"lazy\" decoding=\"async\" class=\"alignleft size-thumbnail wp-image-91714\" src=\"https:\/\/migracao.redenoticia.com.br\/noticia\/imagens\/sol_nascente_resumo_novela_globo-150x112.jpg\" alt=\"sol_nascente_resumo_novela_globo\" width=\"150\" height=\"112\" srcset=\"https:\/\/migracao.redenoticia.com.br\/noticia\/imagens\/sol_nascente_resumo_novela_globo-150x112.jpg 150w, https:\/\/migracao.redenoticia.com.br\/noticia\/imagens\/sol_nascente_resumo_novela_globo-265x198.jpg 265w\" sizes=\"auto, (max-width: 150px) 100vw, 150px\" \/><strong><em>Resumo novela \u201cSol Nascente\u201d 28\/02<\/em><\/strong>: no cap\u00edtulo 157(*) da novela \u201cSol Nascente\u201d, resumo de quarta-feira, 28 de fevereiro, o homem subornado por Cesar e Jo\u00e3o Amaro confessa para Louzada e Mesquita que se lembra dos bandidos. Loretta ajuda Elisa, que se surpreende. Alice aconselha Lenita a ouvir Vittorio e se acalmar com rela\u00e7\u00e3o a Paty. Carolina revela a Mario e Tanaka que os documentos que podem inocentar Alice est\u00e3o enterrados na fazenda de Sinh\u00e1. Flavinha conta a Hideo que se encontrar\u00e1 com sua m\u00e3e biol\u00f3gica. Mocinha fica apreensiva quando o Comendador a reconhece na rua e comenta sobre a reabertura do cassino. T\u00e2nia anuncia a Alice que ela ser\u00e1 transferida para um pres\u00eddio. Alice decide fugir e pede ajuda a Mario. <\/p>\n<p>(*) edi\u00e7\u00e3o da Rede Globo, Novela \u201cSol Nascente\u201d, sujeito a altera\u00e7\u00e3o de data e conte\u00fado.<\/p>\n<p>Sol Nascente \u00e9 uma telenovela brasileira produzida pela Rede Globo e exibida desde 29 de agosto de 2016, no hor\u00e1rio das 18 horas, substituindo \u00cata Mundo Bom!. Escrita por Walther Negr\u00e3o, Suzana Pires e J\u00falio Fischer, com a colabora\u00e7\u00e3o de Jackie Vellego e Fausto Galv\u00e3o, com dire\u00e7\u00e3o geral de Marcelo Travesso e Leonardo Nogueira, tamb\u00e9m diretor art\u00edstico. Conta com as participa\u00e7\u00f5es de Giovanna Antonelli, Bruno Gagliasso, Rafael Cardoso, Lu\u00eds Melo, Francisco Cuoco, Aracy Balabanian, Laura Cardoso e Marcello Novaes.<\/p>\n","protected":false},"excerpt":{"rendered":"<p>Resumo novela \u201cSol Nascente\u201d 28\/02: no cap\u00edtulo 157(*) da novela \u201cSol Nascente\u201d, resumo de quarta-feira, 28 de fevereiro, o homem subornado por Cesar e Jo\u00e3o Amaro confessa para Louzada e Mesquita que se lembra dos bandidos. Loretta ajuda Elisa, que se surpreende. Alice aconselha Lenita a ouvir Vittorio e se acalmar com rela\u00e7\u00e3o a Paty. [&hellip;]<\/p>\n","protected":false},"author":2,"featured_media":93943,"comment_status":"open","ping_status":"closed","sticky":false,"template":"","format":"standard","meta":{"tdm_status":"","tdm_grid_status":"","footnotes":""},"categories":[379,375,343],"tags":[441],"class_list":{"0":"post-107844","1":"post","2":"type-post","3":"status-publish","4":"format-standard","5":"has-post-thumbnail","7":"category-novelas","8":"category-rede-globo","9":"category-televisao","10":"tag-resumo-do-dia"},"_links":{"self":[{"href":"https:\/\/migracao.redenoticia.com.br\/noticia\/wp-json\/wp\/v2\/posts\/107844","targetHints":{"allow":["GET"]}}],"collection":[{"href":"https:\/\/migracao.redenoticia.com.br\/noticia\/wp-json\/wp\/v2\/posts"}],"about":[{"href":"https:\/\/migracao.redenoticia.com.br\/noticia\/wp-json\/wp\/v2\/types\/post"}],"author":[{"embeddable":true,"href":"https:\/\/migracao.redenoticia.com.br\/noticia\/wp-json\/wp\/v2\/users\/2"}],"replies":[{"embeddable":true,"href":"https:\/\/migracao.redenoticia.com.br\/noticia\/wp-json\/wp\/v2\/comments?post=107844"}],"version-history":[{"count":0,"href":"https:\/\/migracao.redenoticia.com.br\/noticia\/wp-json\/wp\/v2\/posts\/107844\/revisions"}],"wp:featuredmedia":[{"embeddable":true,"href":"https:\/\/migracao.redenoticia.com.br\/noticia\/wp-json\/wp\/v2\/media\/93943"}],"wp:attachment":[{"href":"https:\/\/migracao.redenoticia.com.br\/noticia\/wp-json\/wp\/v2\/media?parent=107844"}],"wp:term":[{"taxonomy":"category","embeddable":true,"href":"https:\/\/migracao.redenoticia.com.br\/noticia\/wp-json\/wp\/v2\/categories?post=107844"},{"taxonomy":"post_tag","embeddable":true,"href":"https:\/\/migracao.redenoticia.com.br\/noticia\/wp-json\/wp\/v2\/tags?post=107844"}],"curies":[{"name":"wp","href":"https:\/\/api.w.org\/{rel}","templated":true}]}}