{"id":107876,"date":"2017-02-28T17:20:22","date_gmt":"2017-02-28T20:20:22","guid":{"rendered":"http:\/\/www.redenoticia.com.br\/noticia\/?p=107876"},"modified":"2017-02-28T17:20:22","modified_gmt":"2017-02-28T20:20:22","slug":"resumo-novela-carinha-de-anjo-0103-dulce-sente-que-cecilia-se-afastou-dela","status":"publish","type":"post","link":"https:\/\/migracao.redenoticia.com.br\/noticia\/2017\/resumo-novela-carinha-de-anjo-0103-dulce-sente-que-cecilia-se-afastou-dela\/107876","title":{"rendered":"Resumo novela \u201cCarinha de Anjo\u201d 01\/03: Dulce sente que Cec\u00edlia se afastou dela"},"content":{"rendered":"<p><img loading=\"lazy\" decoding=\"async\" class=\"alignleft size-thumbnail wp-image-99331\" src=\"https:\/\/migracao.redenoticia.com.br\/noticia\/imagens\/carinha_de_anjo_sbt_novela_resumo_capitulo-150x112.jpg\" alt=\"carinha_de_anjo_sbt_novela_resumo_capitulo\" width=\"150\" height=\"112\" srcset=\"https:\/\/migracao.redenoticia.com.br\/noticia\/imagens\/carinha_de_anjo_sbt_novela_resumo_capitulo-150x112.jpg 150w, https:\/\/migracao.redenoticia.com.br\/noticia\/imagens\/carinha_de_anjo_sbt_novela_resumo_capitulo-265x198.jpg 265w\" sizes=\"auto, (max-width: 150px) 100vw, 150px\" \/><strong><em>Resumo novela \u201cCarinha de Anjo\u201d 01\/03<\/em><\/strong>: no cap\u00edtulo 073(*) da novela \u201cCarinha de Anjo\u201d, resumo de quarta-feira, 01 de mar\u00e7o, Madre Superiora deixa que Fabiana e Cec\u00edlia levem Veronica para conhecerem F\u00e1tima e ver se elas possam morar juntas. Vitor e Estef\u00e2nia discutem, pois ela ainda n\u00e3o tomou sua decis\u00e3o sobre se vai ou n\u00e3o aceitar o trabalho na Europa. Rosana diz para Diana que Juju e Zeca se beijaram. Juju mostra um v\u00eddeo para Zeca e diz para ele que tem medo que esse tipo de gostar estrague a amizade dos dois, que pode ser para sempre. Zeca fica chateado que ela s\u00f3 quer ser sua amiga. Dulce Maria insiste com Gustavo para saber quem fez a decora\u00e7\u00e3o. Em outro momento, Dulce diz para Gustavo que sente que Cec\u00edlia se afastou dela. Nicole v\u00ea Veronica de longe e fica enciumada por achar a nova secret\u00e1ria de Gustavo bonita. Fabiana e as freiras mostram para Madre Superiora o que est\u00e3o ensaiando para o concurso de coral. Elas cantam a m\u00fasica \u201cJesus Cristo\u201d.<\/p>\n<p>(*) edi\u00e7\u00e3o do SBT, Novela \u201cCarinha de Anjo\u201d, sujeito a altera\u00e7\u00e3o de data e conte\u00fado.<\/p>\n<p>Carinha de Anjo \u00e9 uma telenovela brasileira produzida e exibida originalmente pelo SBT desde o dia 21 de novembro de 2016, substituindo o hor\u00e1rio anteriormente ocupado por C\u00famplices de um Resgate. A telenovela \u00e9 inspirada na mexicana Carita de \u00e1ngel, que, por sua vez, \u00e9 um remake de Mundo de juguete, ambas produzidas pela Televisa e que haviam sido baseadas na trama argentina escrita por Abel Santa Cruz, Pap\u00e1 coraz\u00f3n. Esta ser\u00e1 a segunda adapta\u00e7\u00e3o brasileira da obra original argentina, visto que a Rede Tupi apresentou em 1976 a sua primeira vers\u00e3o, chamada de Papai Cora\u00e7\u00e3o. A nova vers\u00e3o \u00e9 escrita por Leonor Corr\u00eaa, com supervis\u00e3o de \u00cdris Abravanel e dire\u00e7\u00e3o geral de Ricardo Mantoanelli. A trama conta com Lorena Queiroz, Bia Arantes, Carlo Porto, Priscila Sol, Dani Gondim, Karin Hils, Eliana Guttman e Lucero nos pap\u00e9is principais.<\/p>\n","protected":false},"excerpt":{"rendered":"<p>Resumo novela \u201cCarinha de Anjo\u201d 01\/03: no cap\u00edtulo 073(*) da novela \u201cCarinha de Anjo\u201d, resumo de quarta-feira, 01 de mar\u00e7o, Madre Superiora deixa que Fabiana e Cec\u00edlia levem Veronica para conhecerem F\u00e1tima e ver se elas possam morar juntas. Vitor e Estef\u00e2nia discutem, pois ela ainda n\u00e3o tomou sua decis\u00e3o sobre se vai ou n\u00e3o [&hellip;]<\/p>\n","protected":false},"author":4,"featured_media":99331,"comment_status":"open","ping_status":"closed","sticky":false,"template":"","format":"standard","meta":{"tdm_status":"","tdm_grid_status":"","footnotes":""},"categories":[452,379,372,343],"tags":[441],"class_list":{"0":"post-107876","1":"post","2":"type-post","3":"status-publish","4":"format-standard","5":"has-post-thumbnail","7":"category-carinha-de-anjo","8":"category-novelas","9":"category-sbt","10":"category-televisao","11":"tag-resumo-do-dia"},"_links":{"self":[{"href":"https:\/\/migracao.redenoticia.com.br\/noticia\/wp-json\/wp\/v2\/posts\/107876","targetHints":{"allow":["GET"]}}],"collection":[{"href":"https:\/\/migracao.redenoticia.com.br\/noticia\/wp-json\/wp\/v2\/posts"}],"about":[{"href":"https:\/\/migracao.redenoticia.com.br\/noticia\/wp-json\/wp\/v2\/types\/post"}],"author":[{"embeddable":true,"href":"https:\/\/migracao.redenoticia.com.br\/noticia\/wp-json\/wp\/v2\/users\/4"}],"replies":[{"embeddable":true,"href":"https:\/\/migracao.redenoticia.com.br\/noticia\/wp-json\/wp\/v2\/comments?post=107876"}],"version-history":[{"count":0,"href":"https:\/\/migracao.redenoticia.com.br\/noticia\/wp-json\/wp\/v2\/posts\/107876\/revisions"}],"wp:featuredmedia":[{"embeddable":true,"href":"https:\/\/migracao.redenoticia.com.br\/noticia\/wp-json\/wp\/v2\/media\/99331"}],"wp:attachment":[{"href":"https:\/\/migracao.redenoticia.com.br\/noticia\/wp-json\/wp\/v2\/media?parent=107876"}],"wp:term":[{"taxonomy":"category","embeddable":true,"href":"https:\/\/migracao.redenoticia.com.br\/noticia\/wp-json\/wp\/v2\/categories?post=107876"},{"taxonomy":"post_tag","embeddable":true,"href":"https:\/\/migracao.redenoticia.com.br\/noticia\/wp-json\/wp\/v2\/tags?post=107876"}],"curies":[{"name":"wp","href":"https:\/\/api.w.org\/{rel}","templated":true}]}}