{"id":107915,"date":"2017-03-01T00:02:36","date_gmt":"2017-03-01T03:02:36","guid":{"rendered":"http:\/\/www.redenoticia.com.br\/noticia\/?p=107915"},"modified":"2017-02-28T18:32:37","modified_gmt":"2017-02-28T21:32:37","slug":"zika-no-inicio-da-gravidez-e-mais-perigosa","status":"publish","type":"post","link":"https:\/\/migracao.redenoticia.com.br\/noticia\/2017\/zika-no-inicio-da-gravidez-e-mais-perigosa\/107915","title":{"rendered":"Zika no in\u00edcio da gravidez \u00e9 mais perigosa"},"content":{"rendered":"<p> Marcos Pivetta\u00a0|\u00a0Revista Pesquisa FAPESP \u2013 coordenado pelo m\u00e9dico Jos\u00e9 Xavier-Neto, do Laborat\u00f3rio Nacional de Biologia (LNBio), de Campinas, indica que a infec\u00e7\u00e3o pelo v\u00edrus <em><strong>Zika<\/strong><\/em> s\u00f3 produz anormalidades cong\u00eanitas graves em filhotes de camundongos quando suas m\u00e3es s\u00e3o expostas ao pat\u00f3geno entre o quinto e o 12\u00ba dia depois da fecunda\u00e7\u00e3o.<\/p>\n<p>Em seres humanos, esse intervalo de tempo equivale \u00e0 segunda e \u00e0 quinta semana de gesta\u00e7\u00e3o. Nos roedores, a infec\u00e7\u00e3o por Zika ap\u00f3s o 12\u00ba dia do ato sexual n\u00e3o levou a malforma\u00e7\u00f5es significativas nos filhotes. O trabalho foi publicado no dia 23 de fevereiro na revista eletr\u00f4nica PLOS Neglected Tropical Diseases.<\/p>\n<p>O artigo da equipe do LNBio, que contou com  e do Conselho Nacional de Desenvolvimento Cient\u00edfico e Tecnol\u00f3gico (CNPq), envolveu a cria\u00e7\u00e3o de um modelo animal da infec\u00e7\u00e3o por Zika que fosse similar ao que ocorre em humanos.<\/p>\n<p>Em duas linhagens selvagens de camundongos, com um sistema imunol\u00f3gico apto a combater infec\u00e7\u00f5es, os pesquisadores injetaram o v\u00edrus na veia jugular de f\u00eameas gr\u00e1vidas em diferentes momentos da gesta\u00e7\u00e3o, entre 5,5 e 19,5 dias ap\u00f3s a fecunda\u00e7\u00e3o. Dessa forma, puderam ver a sequ\u00eancia de problemas que o v\u00edrus causa nos filhotes de roedores em fun\u00e7\u00e3o do est\u00e1gio da gravidez em que houve o contato com Zika.<\/p>\n<p>\u201cQuer\u00edamos mapear a janela cr\u00edtica em que a infec\u00e7\u00e3o na gravidez produz malforma\u00e7\u00f5es cong\u00eanitas\u201d, disse Xavier.<\/p>\n<p>Como regra geral, o estudo indica que, quanto mais cedo se d\u00e1 o contato com o Zika durante a gesta\u00e7\u00e3o, maiores s\u00e3o os danos causados. Filhotes de f\u00eameas que foram contaminadas cinco dias ap\u00f3s a fecunda\u00e7\u00e3o apresentaram uma s\u00e9rie de problemas de desenvolvimento: fechamento incompleto do tubo neural (disrafia), hidrocefalia (acumula\u00e7\u00e3o de l\u00edquido cefalorraquidiano no c\u00e9rebro, levando ao aumento de tamanho e incha\u00e7o do cr\u00e2nio), atraso no crescimento do embri\u00e3o, al\u00e9m de outras severas malforma\u00e7\u00f5es.<\/p>\n<p>\u201cEm seres humanos, a hidrocefalia \u00e9 um pren\u00fancio de que vai haver microcefalia\u201d, disse Xavier.<\/p>\n<p>Quando a infec\u00e7\u00e3o ocorria entre 7,5 e 9,5 dias depois da fecunda\u00e7\u00e3o, os filhotes exibiam um quadro cl\u00ednico que n\u00e3o se limitava \u00e0 microcefalia. Eles tamb\u00e9m tinham hemorragia no interior da bolsa amni\u00f3tica, edema generalizado e pouca vasculariza\u00e7\u00e3o, sobretudo na regi\u00e3o cerebral. Alguns embri\u00f5es chegaram mesmo a morrer no \u00fatero depois da infec\u00e7\u00e3o. Segundo o pesquisador, o modelo animal de Zika desenvolvido no LNBio \u00e9 o \u00fanico a mostrar simultaneamente disrafia, hidrocefalia e artrogripose (contra\u00e7\u00e3o cong\u00eanita das articula\u00e7\u00f5es, que leva \u00e0 forma\u00e7\u00e3o de m\u00e3os e p\u00e9s tortos ou curvados).<\/p>\n<p>Infec\u00e7\u00f5es induzidas ap\u00f3s o 12\u00ba dia de fecunda\u00e7\u00e3o n\u00e3o provocaram danos maiores nos fetos de roedores. Embora ausente dos tecidos cerebrais dos embri\u00f5es que se encontravam nessa fase da gesta\u00e7\u00e3o, o genoma do Zika foi detectado em c\u00e9lulas do ba\u00e7o, do f\u00edgado e dos rins dos camundongos em forma\u00e7\u00e3o.<\/p>\n<p>\u201cN\u00e3o podemos dizer que h\u00e1 um per\u00edodo seguro da gravidez para a ocorr\u00eancia de uma infec\u00e7\u00e3o por Zika\u201d, disse o cardiologista Kleber Franchini, do LNBio, outro autor do estudo.<\/p>\n<p>O artigo de Xavier-Neto e outros, \u201cHydrocephalus and arthrogryposis in an immunocompetent mouse model of ZIKA teratogeny: A developmental study\u201d, publicado na PLOS Neglected Tropical Diseases est\u00e1 acess\u00edvel em .<\/p>\n","protected":false},"excerpt":{"rendered":"<p>Marcos Pivetta\u00a0|\u00a0Revista Pesquisa FAPESP \u2013 coordenado pelo m\u00e9dico Jos\u00e9 Xavier-Neto, do Laborat\u00f3rio Nacional de Biologia (LNBio), de Campinas, indica que a infec\u00e7\u00e3o pelo v\u00edrus Zika s\u00f3 produz anormalidades cong\u00eanitas graves em filhotes de camundongos quando suas m\u00e3es s\u00e3o expostas ao pat\u00f3geno entre o quinto e o 12\u00ba dia depois da fecunda\u00e7\u00e3o. Em seres humanos, esse [&hellip;]<\/p>\n","protected":false},"author":2,"featured_media":40847,"comment_status":"open","ping_status":"closed","sticky":false,"template":"","format":"standard","meta":{"tdm_status":"","tdm_grid_status":"","footnotes":""},"categories":[22,5],"tags":[],"class_list":{"0":"post-107915","1":"post","2":"type-post","3":"status-publish","4":"format-standard","5":"has-post-thumbnail","7":"category-brasil","8":"category-saude-e-vida"},"_links":{"self":[{"href":"https:\/\/migracao.redenoticia.com.br\/noticia\/wp-json\/wp\/v2\/posts\/107915","targetHints":{"allow":["GET"]}}],"collection":[{"href":"https:\/\/migracao.redenoticia.com.br\/noticia\/wp-json\/wp\/v2\/posts"}],"about":[{"href":"https:\/\/migracao.redenoticia.com.br\/noticia\/wp-json\/wp\/v2\/types\/post"}],"author":[{"embeddable":true,"href":"https:\/\/migracao.redenoticia.com.br\/noticia\/wp-json\/wp\/v2\/users\/2"}],"replies":[{"embeddable":true,"href":"https:\/\/migracao.redenoticia.com.br\/noticia\/wp-json\/wp\/v2\/comments?post=107915"}],"version-history":[{"count":0,"href":"https:\/\/migracao.redenoticia.com.br\/noticia\/wp-json\/wp\/v2\/posts\/107915\/revisions"}],"wp:featuredmedia":[{"embeddable":true,"href":"https:\/\/migracao.redenoticia.com.br\/noticia\/wp-json\/wp\/v2\/media\/40847"}],"wp:attachment":[{"href":"https:\/\/migracao.redenoticia.com.br\/noticia\/wp-json\/wp\/v2\/media?parent=107915"}],"wp:term":[{"taxonomy":"category","embeddable":true,"href":"https:\/\/migracao.redenoticia.com.br\/noticia\/wp-json\/wp\/v2\/categories?post=107915"},{"taxonomy":"post_tag","embeddable":true,"href":"https:\/\/migracao.redenoticia.com.br\/noticia\/wp-json\/wp\/v2\/tags?post=107915"}],"curies":[{"name":"wp","href":"https:\/\/api.w.org\/{rel}","templated":true}]}}