{"id":107917,"date":"2017-03-01T00:03:42","date_gmt":"2017-03-01T03:03:42","guid":{"rendered":"http:\/\/www.redenoticia.com.br\/noticia\/?p=107917"},"modified":"2017-02-28T18:34:07","modified_gmt":"2017-02-28T21:34:07","slug":"vacina-nao-e-coisa-so-de-crianca","status":"publish","type":"post","link":"https:\/\/migracao.redenoticia.com.br\/noticia\/2017\/vacina-nao-e-coisa-so-de-crianca\/107917","title":{"rendered":"Vacina n\u00e3o \u00e9 coisa s\u00f3 de crian\u00e7a"},"content":{"rendered":"<p> Estar em dia com as <em><strong>vacinas<\/strong><\/em> n\u00e3o \u00e9 assunto que diz respeito apenas \u00e0s crian\u00e7as. Algumas doen\u00e7as devem e podem ser prevenidas mesmo depois de adultos. Isso \u00e9 ainda mais necess\u00e1rio por ocasi\u00e3o de festas como o Carnaval, quando a aproxima\u00e7\u00e3o entre as pessoas aumenta.<\/p>\n<p>Doen\u00e7as como caxumba, coqueluche, diarr\u00e9ia por rotav\u00edrus, difteria, febre amarela, hepatite A e B, HPV, infec\u00e7\u00f5es pneumoc\u00f3cicas, gripe (influenza), meningite, paralisia infantil, rub\u00e9ola, sarampo, t\u00e9tano, varicela e algumas formas graves de tuberculose podem ser evitadas por meio de vacina.<\/p>\n<p>Crian\u00e7as e adolescentes, por exemplo, devem tomar a vacina contra o HPV, os adultos tamb\u00e9m podem se vacinar para prevenir a hepatite \u00a0B e para os idosos, a partir dos 60 anos, \u00e9 indicado a vacina contra gripe, provocada pelo v\u00edrus influenza.<\/p>\n<p>Confira as faixas et\u00e1rias adequadas e que vacinas tomar.<\/p>\n<p>Do Portal do Governo SP<\/p>\n","protected":false},"excerpt":{"rendered":"<p>Estar em dia com as vacinas n\u00e3o \u00e9 assunto que diz respeito apenas \u00e0s crian\u00e7as. Algumas doen\u00e7as devem e podem ser prevenidas mesmo depois de adultos. Isso \u00e9 ainda mais necess\u00e1rio por ocasi\u00e3o de festas como o Carnaval, quando a aproxima\u00e7\u00e3o entre as pessoas aumenta. Doen\u00e7as como caxumba, coqueluche, diarr\u00e9ia por rotav\u00edrus, difteria, febre amarela, [&hellip;]<\/p>\n","protected":false},"author":2,"featured_media":34747,"comment_status":"open","ping_status":"closed","sticky":false,"template":"","format":"standard","meta":{"tdm_status":"","tdm_grid_status":"","footnotes":""},"categories":[22,5],"tags":[],"class_list":{"0":"post-107917","1":"post","2":"type-post","3":"status-publish","4":"format-standard","5":"has-post-thumbnail","7":"category-brasil","8":"category-saude-e-vida"},"_links":{"self":[{"href":"https:\/\/migracao.redenoticia.com.br\/noticia\/wp-json\/wp\/v2\/posts\/107917","targetHints":{"allow":["GET"]}}],"collection":[{"href":"https:\/\/migracao.redenoticia.com.br\/noticia\/wp-json\/wp\/v2\/posts"}],"about":[{"href":"https:\/\/migracao.redenoticia.com.br\/noticia\/wp-json\/wp\/v2\/types\/post"}],"author":[{"embeddable":true,"href":"https:\/\/migracao.redenoticia.com.br\/noticia\/wp-json\/wp\/v2\/users\/2"}],"replies":[{"embeddable":true,"href":"https:\/\/migracao.redenoticia.com.br\/noticia\/wp-json\/wp\/v2\/comments?post=107917"}],"version-history":[{"count":0,"href":"https:\/\/migracao.redenoticia.com.br\/noticia\/wp-json\/wp\/v2\/posts\/107917\/revisions"}],"wp:featuredmedia":[{"embeddable":true,"href":"https:\/\/migracao.redenoticia.com.br\/noticia\/wp-json\/wp\/v2\/media\/34747"}],"wp:attachment":[{"href":"https:\/\/migracao.redenoticia.com.br\/noticia\/wp-json\/wp\/v2\/media?parent=107917"}],"wp:term":[{"taxonomy":"category","embeddable":true,"href":"https:\/\/migracao.redenoticia.com.br\/noticia\/wp-json\/wp\/v2\/categories?post=107917"},{"taxonomy":"post_tag","embeddable":true,"href":"https:\/\/migracao.redenoticia.com.br\/noticia\/wp-json\/wp\/v2\/tags?post=107917"}],"curies":[{"name":"wp","href":"https:\/\/api.w.org\/{rel}","templated":true}]}}