{"id":107997,"date":"2020-04-30T10:53:40","date_gmt":"2020-04-30T13:53:40","guid":{"rendered":"http:\/\/www.redenoticia.com.br\/noticia\/?p=107997"},"modified":"2020-04-30T12:23:23","modified_gmt":"2020-04-30T15:23:23","slug":"novela-novo-mundo-elenco-e-personagens","status":"publish","type":"post","link":"https:\/\/migracao.redenoticia.com.br\/noticia\/2020\/novela-novo-mundo-elenco-e-personagens\/107997","title":{"rendered":"Novela &#8220;Novo Mundo&#8221;: elenco e personagens"},"content":{"rendered":"<p><img loading=\"lazy\" decoding=\"async\" src=\"https:\/\/migracao.redenoticia.com.br\/noticia\/imagens\/novo-mundo-reprise-globo-300x300.jpg\" alt=\"\" width=\"300\" height=\"300\" class=\"aligncenter size-large wp-image-190256\" srcset=\"https:\/\/migracao.redenoticia.com.br\/noticia\/imagens\/novo-mundo-reprise-globo-300x300.jpg 300w, https:\/\/migracao.redenoticia.com.br\/noticia\/imagens\/novo-mundo-reprise-globo-187x187.jpg 187w, https:\/\/migracao.redenoticia.com.br\/noticia\/imagens\/novo-mundo-reprise-globo-150x150.jpg 150w, https:\/\/migracao.redenoticia.com.br\/noticia\/imagens\/novo-mundo-reprise-globo-140x140.jpg 140w, https:\/\/migracao.redenoticia.com.br\/noticia\/imagens\/novo-mundo-reprise-globo-85x85.jpg 85w, https:\/\/migracao.redenoticia.com.br\/noticia\/imagens\/novo-mundo-reprise-globo.jpg 600w\" sizes=\"auto, (max-width: 300px) 100vw, 300px\" \/> <strong><em>Novela &#8220;Novo Mundo&#8221; elenco e personagens<\/em><\/strong>: a vida imita a arte e vice-versa. \u00c9 por isso que, para levar ainda mais verdade aos seus personagens, o elenco de &#8220;Novo Mundo&#8221;, a pr\u00f3xima novela das 6, vivencia e experimenta diversas atividades que s\u00e3o os pontos-chave de seus pap\u00e9is. <\/p>\n<p>Confira a lista do elenco e personagens:<\/p>\n<p>Isabelle Drummond &#8211; Anna Milmann;<br \/>\nChay Suede &#8211; Joaquim Martinho;<br \/>\nCaio Castro &#8211; Dom Pedro I;<br \/>\nLet\u00edcia Colin &#8211; Princesa Leopoldina;<br \/>\nIngrid Guimar\u00e3es &#8211; Elvira Matamouros;<br \/>\nGabriel Braga Nunes &#8211; Thomas Johnson;<br \/>\nLeo Jaime &#8211; Dom Jo\u00e3o VI;<br \/>\nD\u00e9bora Olivieri &#8211; Carlota Joaquina;<br \/>\nRodrigo Simas &#8211; Piat\u00e3;<br \/>\nGiullia Buscacio &#8211; Jacira;<br \/>\nAgatha Moreira &#8211; Domitila de Castro Canto e Mello (Marquesa de Santos);<br \/>\nR\u00f4mulo Estrela &#8211; Francisco Gomes da Silva (O Chala\u00e7a);<br \/>\nLuisa Micheletti &#8211; No\u00e9mie;<br \/>\nVivianne Pasmanter &#8211; Germana;<br \/>\nGuilherme Piva &#8211; Licurgo;<br \/>\nFelipe Camargo &#8211; Jos\u00e9 Bonif\u00e1cio de Andrada e Silva;<br \/>\nSheron Menezzes &#8211; Diara;<br \/>\nJonas Bloch &#8211; Wolfgang;<br \/>\nJ\u00falia Lemmertz &#8211; Greta;<br \/>\nVanessa Gerbelli &#8211; Maria Am\u00e1lia;<br \/>\nDaniel Dantas &#8211; Padre Olinto;<br \/>\nLeopoldo Pacheco &#8211; Fred Sem Alma;<br \/>\nPaulo Rocha &#8211; Avilez;<br \/>\nJoana Solnado &#8211; Dulcina;<br \/>\nRicardo Pereira &#8211; Ferdinando;<br \/>\nMaria Jo\u00e3o Bastos &#8211; Let\u00edcia;<br \/>\nCaco Ciocler &#8211; Peter;<br \/>\nLarissa Bracher &#8211; Benedita;<br \/>\nDhu Moraes &#8211; Idalina;<br \/>\nBabu Santana &#8211; Jacinto;<br \/>\nBruce Gomlevsky &#8211; Fel\u00edcio;<br \/>\nIsabella Drag\u00e3o &#8211; Cec\u00edlia;<br \/>\nFelipe Silcler &#8211; Lib\u00e9rio;<br \/>\nRenan Monteiro &#8211; Matias;<br \/>\nJurema Reis &#8211; Jurema;<br \/>\nAllan Souza Lima &#8211; Ubirajara;<br \/>\nThiago Thom\u00e9 &#8211; Hassan.<\/p>\n<p>Fonte Rede Globo Novela &#8220;Novo Mundo&#8221;<\/p>\n","protected":false},"excerpt":{"rendered":"<p>Novela &#8220;Novo Mundo&#8221; elenco e personagens: a vida imita a arte e vice-versa. \u00c9 por isso que, para levar ainda mais verdade aos seus personagens, o elenco de &#8220;Novo Mundo&#8221;, a pr\u00f3xima novela das 6, vivencia e experimenta diversas atividades que s\u00e3o os pontos-chave de seus pap\u00e9is. Confira a lista do elenco e personagens: Isabelle [&hellip;]<\/p>\n","protected":false},"author":2,"featured_media":190257,"comment_status":"open","ping_status":"closed","sticky":false,"template":"","format":"standard","meta":{"tdm_status":"","tdm_grid_status":"","footnotes":""},"categories":[379,375,343],"tags":[523],"class_list":{"0":"post-107997","1":"post","2":"type-post","3":"status-publish","4":"format-standard","5":"has-post-thumbnail","7":"category-novelas","8":"category-rede-globo","9":"category-televisao","10":"tag-variedades"},"_links":{"self":[{"href":"https:\/\/migracao.redenoticia.com.br\/noticia\/wp-json\/wp\/v2\/posts\/107997","targetHints":{"allow":["GET"]}}],"collection":[{"href":"https:\/\/migracao.redenoticia.com.br\/noticia\/wp-json\/wp\/v2\/posts"}],"about":[{"href":"https:\/\/migracao.redenoticia.com.br\/noticia\/wp-json\/wp\/v2\/types\/post"}],"author":[{"embeddable":true,"href":"https:\/\/migracao.redenoticia.com.br\/noticia\/wp-json\/wp\/v2\/users\/2"}],"replies":[{"embeddable":true,"href":"https:\/\/migracao.redenoticia.com.br\/noticia\/wp-json\/wp\/v2\/comments?post=107997"}],"version-history":[{"count":0,"href":"https:\/\/migracao.redenoticia.com.br\/noticia\/wp-json\/wp\/v2\/posts\/107997\/revisions"}],"wp:featuredmedia":[{"embeddable":true,"href":"https:\/\/migracao.redenoticia.com.br\/noticia\/wp-json\/wp\/v2\/media\/190257"}],"wp:attachment":[{"href":"https:\/\/migracao.redenoticia.com.br\/noticia\/wp-json\/wp\/v2\/media?parent=107997"}],"wp:term":[{"taxonomy":"category","embeddable":true,"href":"https:\/\/migracao.redenoticia.com.br\/noticia\/wp-json\/wp\/v2\/categories?post=107997"},{"taxonomy":"post_tag","embeddable":true,"href":"https:\/\/migracao.redenoticia.com.br\/noticia\/wp-json\/wp\/v2\/tags?post=107997"}],"curies":[{"name":"wp","href":"https:\/\/api.w.org\/{rel}","templated":true}]}}