{"id":108095,"date":"2017-03-03T00:38:31","date_gmt":"2017-03-03T03:38:31","guid":{"rendered":"http:\/\/www.redenoticia.com.br\/noticia\/?p=108095"},"modified":"2017-03-02T21:39:42","modified_gmt":"2017-03-03T00:39:42","slug":"pos-doutorado-em-neuroanatomia-na-usp-com-bolsa-da-fapesp","status":"publish","type":"post","link":"https:\/\/migracao.redenoticia.com.br\/noticia\/2017\/pos-doutorado-em-neuroanatomia-na-usp-com-bolsa-da-fapesp\/108095","title":{"rendered":"P\u00f3s-Doutorado em Neuroanatomia na USP com Bolsa da FAPESP"},"content":{"rendered":"<p> Ag\u00eancia FAPESP \u2013 O Laborat\u00f3rio de Neuroanatomia Funcional do Instituto de Ci\u00eancias Biom\u00e9dicas da Universidade de S\u00e3o Paulo (USP) oferece uma oportunidade de Bolsa de <strong><em>P\u00f3s-Doutorado em Neuroanatomia<\/em><\/strong> com Bolsa da FAPESP. O prazo de inscri\u00e7\u00e3o encerra em 10 de mar\u00e7o. A bolsa est\u00e1 vinculada ao Projeto Tem\u00e1tico \u201c&#8221;. O bolsista desenvolver\u00e1 pesquisa sobre as bases neurais da ca\u00e7a predat\u00f3ria e defesa social.<\/p>\n<p>Os candidatos devem ter experi\u00eancia em estudos comportamentais e com as t\u00e9cnicas de imuno-histoqu\u00edmica e hibridiza\u00e7\u00e3o in situ a serem utilizadas no estudo.<\/p>\n<p>Os interessados devem contatar Newton Canteras, pesquisador respons\u00e1vel pelo Tem\u00e1tico, pelo e-mail newton@usp.br.<\/p>\n<p>A oportunidade est\u00e1 publicada em .<\/p>\n<p>O selecionado receber\u00e1 bolsa de P\u00f3s-Doutorado da FAPESP no valor de R$ 6.819,30 mensais e Reserva T\u00e9cnica. A Reserva T\u00e9cnica da bolsa de PD equivale a 15% do valor anual da bolsa e tem o objetivo de atender a despesas imprevistas e diretamente relacionadas \u00e0 atividade de pesquisa.<\/p>\n<p>Caso o bolsista resida em domic\u00edlio diferente e precise se mudar para a cidade onde se localiza a institui\u00e7\u00e3o-sede da pesquisa, poder\u00e1 ter direito a um Aux\u00edlio-Instala\u00e7\u00e3o.<\/p>\n<p>Mais informa\u00e7\u00f5es sobre a bolsa de P\u00f3s-Doutorado da FAPESP est\u00e3o dispon\u00edveis em .<\/p>\n<p>Outras vagas de bolsas de P\u00f3s-Doutorado, em diversas \u00e1reas do conhecimento, est\u00e3o no site .<\/p>\n","protected":false},"excerpt":{"rendered":"<p>Ag\u00eancia FAPESP \u2013 O Laborat\u00f3rio de Neuroanatomia Funcional do Instituto de Ci\u00eancias Biom\u00e9dicas da Universidade de S\u00e3o Paulo (USP) oferece uma oportunidade de Bolsa de P\u00f3s-Doutorado em Neuroanatomia com Bolsa da FAPESP. O prazo de inscri\u00e7\u00e3o encerra em 10 de mar\u00e7o. A bolsa est\u00e1 vinculada ao Projeto Tem\u00e1tico \u201c&#8221;. O bolsista desenvolver\u00e1 pesquisa sobre as [&hellip;]<\/p>\n","protected":false},"author":2,"featured_media":34767,"comment_status":"open","ping_status":"closed","sticky":false,"template":"","format":"standard","meta":{"tdm_status":"","tdm_grid_status":"","footnotes":""},"categories":[22,351,370],"tags":[],"class_list":{"0":"post-108095","1":"post","2":"type-post","3":"status-publish","4":"format-standard","5":"has-post-thumbnail","7":"category-brasil","8":"category-cursos","9":"category-inscricao"},"_links":{"self":[{"href":"https:\/\/migracao.redenoticia.com.br\/noticia\/wp-json\/wp\/v2\/posts\/108095","targetHints":{"allow":["GET"]}}],"collection":[{"href":"https:\/\/migracao.redenoticia.com.br\/noticia\/wp-json\/wp\/v2\/posts"}],"about":[{"href":"https:\/\/migracao.redenoticia.com.br\/noticia\/wp-json\/wp\/v2\/types\/post"}],"author":[{"embeddable":true,"href":"https:\/\/migracao.redenoticia.com.br\/noticia\/wp-json\/wp\/v2\/users\/2"}],"replies":[{"embeddable":true,"href":"https:\/\/migracao.redenoticia.com.br\/noticia\/wp-json\/wp\/v2\/comments?post=108095"}],"version-history":[{"count":0,"href":"https:\/\/migracao.redenoticia.com.br\/noticia\/wp-json\/wp\/v2\/posts\/108095\/revisions"}],"wp:featuredmedia":[{"embeddable":true,"href":"https:\/\/migracao.redenoticia.com.br\/noticia\/wp-json\/wp\/v2\/media\/34767"}],"wp:attachment":[{"href":"https:\/\/migracao.redenoticia.com.br\/noticia\/wp-json\/wp\/v2\/media?parent=108095"}],"wp:term":[{"taxonomy":"category","embeddable":true,"href":"https:\/\/migracao.redenoticia.com.br\/noticia\/wp-json\/wp\/v2\/categories?post=108095"},{"taxonomy":"post_tag","embeddable":true,"href":"https:\/\/migracao.redenoticia.com.br\/noticia\/wp-json\/wp\/v2\/tags?post=108095"}],"curies":[{"name":"wp","href":"https:\/\/api.w.org\/{rel}","templated":true}]}}