{"id":108118,"date":"2017-03-05T23:51:26","date_gmt":"2017-03-06T02:51:26","guid":{"rendered":"http:\/\/www.redenoticia.com.br\/noticia\/?p=108118"},"modified":"2018-08-13T10:39:41","modified_gmt":"2018-08-13T13:39:41","slug":"bbb-17-enquete-quem-ilmar-deve-indicar-para-o-paredao","status":"publish","type":"post","link":"https:\/\/migracao.redenoticia.com.br\/noticia\/2017\/bbb-17-enquete-quem-ilmar-deve-indicar-para-o-paredao\/108118","title":{"rendered":"\u201cBBB\u201d 17 enquete: quem Ilmar deve indicar para o pared\u00e3o"},"content":{"rendered":"<p><img loading=\"lazy\" decoding=\"async\" class=\"alignleft size-thumbnail wp-image-64480\" src=\"https:\/\/migracao.redenoticia.com.br\/noticia\/imagens\/bbb_votacao_enquete_paredao_prova-150x112.jpg\" alt=\"\" width=\"150\" height=\"112\" srcset=\"https:\/\/migracao.redenoticia.com.br\/noticia\/imagens\/bbb_votacao_enquete_paredao_prova-150x112.jpg 150w, https:\/\/migracao.redenoticia.com.br\/noticia\/imagens\/bbb_votacao_enquete_paredao_prova-265x198.jpg 265w\" sizes=\"auto, (max-width: 150px) 100vw, 150px\" \/><strong><em>&#8220;BBB&#8221; 17 enquete (Prova do L\u00edder 02\/03)<\/em><\/strong>: Tiago mandou Emilly e Daniel exclu\u00edrem dois brothers da prova do L\u00edder. Eles escolheram Ieda e Vivian. Os concorrentes sa\u00edram para o jardim. Prova do L\u00edder Po\u00e7\u00e3o M\u00e1gica: vestidos de magos, os brothers devem escolher um ingrediente e depositar em um caldeir\u00e3o. Se a mistura for explosiva o brother est\u00e1 eliminado! A cada rodada, um novo ingrediente deve ser selecionado e depositado em outro caldeir\u00e3o. Quem n\u00e3o explodir \u00e9 o novo L\u00edder. Regras: n\u00e3o pode repetir o mesmo caldeir\u00e3o na sequ\u00eancia e os caldeir\u00f5es explodidos n\u00e3o podem ser utilizados de novo. Ilmar ganhou a prova e a imunidade. Participe da enquete sobre a indica\u00e7\u00e3o do l\u00edder para o pared\u00e3o.<\/p>\n<p>Enquete: Quem Ilmar deve indicar para o pared\u00e3o?<\/p>\n<p><script type=\"text\/javascript\" charset=\"utf-8\" src=\"http:\/\/static.polldaddy.com\/p\/9679585.js\"><\/script><br \/>\n<noscript><\/noscript><\/p>\n<p>Ilmar indicou Pedro para o Pared\u00e3o.<\/p>\n<p>Not\u00edcias relacionadas<\/p>\n<p>Concorrentes: Vivian, R\u00f4mulo, Roberta, Pedro, Marinalva, Marcos, Ilmar, Ieda, Emilly e Daniel.<\/p>\n<p>Fonte e imagem &#8220;BBB&#8221; 17 Rede Globo<\/p>\n","protected":false},"excerpt":{"rendered":"<p>&#8220;BBB&#8221; 17 enquete (Prova do L\u00edder 02\/03): Tiago mandou Emilly e Daniel exclu\u00edrem dois brothers da prova do L\u00edder. Eles escolheram Ieda e Vivian. Os concorrentes sa\u00edram para o jardim. Prova do L\u00edder Po\u00e7\u00e3o M\u00e1gica: vestidos de magos, os brothers devem escolher um ingrediente e depositar em um caldeir\u00e3o. Se a mistura for explosiva o [&hellip;]<\/p>\n","protected":false},"author":2,"featured_media":64480,"comment_status":"open","ping_status":"closed","sticky":false,"template":"","format":"standard","meta":{"tdm_status":"","tdm_grid_status":"","footnotes":""},"categories":[520,375,343],"tags":[],"class_list":{"0":"post-108118","1":"post","2":"type-post","3":"status-publish","4":"format-standard","5":"has-post-thumbnail","7":"category-big-brother-brasil","8":"category-rede-globo","9":"category-televisao"},"_links":{"self":[{"href":"https:\/\/migracao.redenoticia.com.br\/noticia\/wp-json\/wp\/v2\/posts\/108118","targetHints":{"allow":["GET"]}}],"collection":[{"href":"https:\/\/migracao.redenoticia.com.br\/noticia\/wp-json\/wp\/v2\/posts"}],"about":[{"href":"https:\/\/migracao.redenoticia.com.br\/noticia\/wp-json\/wp\/v2\/types\/post"}],"author":[{"embeddable":true,"href":"https:\/\/migracao.redenoticia.com.br\/noticia\/wp-json\/wp\/v2\/users\/2"}],"replies":[{"embeddable":true,"href":"https:\/\/migracao.redenoticia.com.br\/noticia\/wp-json\/wp\/v2\/comments?post=108118"}],"version-history":[{"count":0,"href":"https:\/\/migracao.redenoticia.com.br\/noticia\/wp-json\/wp\/v2\/posts\/108118\/revisions"}],"wp:featuredmedia":[{"embeddable":true,"href":"https:\/\/migracao.redenoticia.com.br\/noticia\/wp-json\/wp\/v2\/media\/64480"}],"wp:attachment":[{"href":"https:\/\/migracao.redenoticia.com.br\/noticia\/wp-json\/wp\/v2\/media?parent=108118"}],"wp:term":[{"taxonomy":"category","embeddable":true,"href":"https:\/\/migracao.redenoticia.com.br\/noticia\/wp-json\/wp\/v2\/categories?post=108118"},{"taxonomy":"post_tag","embeddable":true,"href":"https:\/\/migracao.redenoticia.com.br\/noticia\/wp-json\/wp\/v2\/tags?post=108118"}],"curies":[{"name":"wp","href":"https:\/\/api.w.org\/{rel}","templated":true}]}}