{"id":108124,"date":"2017-03-03T00:41:28","date_gmt":"2017-03-03T03:41:28","guid":{"rendered":"http:\/\/www.redenoticia.com.br\/noticia\/?p=108124"},"modified":"2017-03-02T21:42:32","modified_gmt":"2017-03-03T00:42:32","slug":"febre-amarela-espirito-santo-vai-receber-mais-1-milhao-de-doses-da-vacina","status":"publish","type":"post","link":"https:\/\/migracao.redenoticia.com.br\/noticia\/2017\/febre-amarela-espirito-santo-vai-receber-mais-1-milhao-de-doses-da-vacina\/108124","title":{"rendered":"Febre amarela: Esp\u00edrito Santo vai receber mais 1 milh\u00e3o de doses da vacina"},"content":{"rendered":"<p> O Esp\u00edrito Santo vai receber 1 milh\u00e3o de doses extras da vacina contra a <strong><em>febre amarela<\/em><\/strong>. A previs\u00e3o do Minist\u00e9rio da Sa\u00fade \u00e9 que, at\u00e9 o in\u00edcio da pr\u00f3xima semana, 500 mil doses j\u00e1 tenham sido entregues ao estado. Ap\u00f3s a chegada de todo o novo quantitativo, o Esp\u00edrito Santo ter\u00e1 recebido um total de 3,6 milh\u00f5es de doses da vacina.<\/p>\n<p>De acordo com a pasta, o estado j\u00e1 atingiu uma cobertura vacinal de 73% para a febre amarela. O n\u00famero representa mais de 1,1 milh\u00e3o de doses aplicadas entre janeiro e fevereiro em 60 munic\u00edpios considerados \u00e1reas de risco. Os dados foram divulgados durante visita do ministro da Sa\u00fade, Ricardo Barros, ao Esp\u00edrito Santo.<\/p>\n<p> Segundo ele, a expectativa do governo federal \u00e9 que, com a nova remessa de doses, o estado consiga atingir a cobertura vacinal adequada \u2013 acima de 90%. \u201cIsso ser\u00e1 uma novidade, j\u00e1 que o Esp\u00edrito Santo n\u00e3o era \u00e1rea de vacina\u00e7\u00e3o regular antes do surto. Chegar a este n\u00famero, em t\u00e3o pouco tempo, demonstra o empenho de todo o estado no combate \u00e0 febre amarela\u201d, avaliou.<\/p>\n<p>Desde o in\u00edcio do ano, o minist\u00e9rio tem enviado doses extras aos estados que registram casos suspeitos, al\u00e9m de outros localizados na divisa com \u00e1reas que tenham notifica\u00e7\u00f5es. Ao todo, 14,6 milh\u00f5es de doses foram enviadas para Minas Gerais (6,5 milh\u00f5es), S\u00e3o Paulo (3,2 milh\u00f5es), Esp\u00edrito Santo (2,6 milh\u00f5es), Rio de Janeiro (1 milh\u00e3o) e Bahia (900 mil). O quantitativo \u00e9 um adicional \u00e0s doses de rotina do Calend\u00e1rio Nacional de Vacina\u00e7\u00e3o, enviadas mensalmente aos estados.<\/p>\n<p>Casos<\/p>\n<p>At\u00e9 a \u00faltima sexta-feira (24), foram confirmados 326 casos de febre amarela no Brasil. No total, foram notificados 1.368 casos suspeitos, sendo que 916 permanecem em investiga\u00e7\u00e3o e 125 foram descartados. Dos 220 \u00f3bitos notificados, 109 foram confirmados, 105 ainda s\u00e3o investigados e seis foram descartados.<\/p>\n<p>Os estados de Minas Gerais, do Esp\u00edrito Santo, de S\u00e3o Paulo, da Bahia, do Tocantins, Rio Grande do Norte e de Goi\u00e1s continuam com casos em investiga\u00e7\u00e3o e\/ou confirmados.<\/p>\n<p>Paula Laboissi\u00e8re &#8211; Rep\u00f3rter da Ag\u00eancia Brasil<br \/>\nEdi\u00e7\u00e3o: Val\u00e9ria Aguiar<br \/>\n03\/03\/2017<\/p>\n","protected":false},"excerpt":{"rendered":"<p>O Esp\u00edrito Santo vai receber 1 milh\u00e3o de doses extras da vacina contra a febre amarela. A previs\u00e3o do Minist\u00e9rio da Sa\u00fade \u00e9 que, at\u00e9 o in\u00edcio da pr\u00f3xima semana, 500 mil doses j\u00e1 tenham sido entregues ao estado. Ap\u00f3s a chegada de todo o novo quantitativo, o Esp\u00edrito Santo ter\u00e1 recebido um total de [&hellip;]<\/p>\n","protected":false},"author":2,"featured_media":34747,"comment_status":"open","ping_status":"closed","sticky":false,"template":"","format":"standard","meta":{"tdm_status":"","tdm_grid_status":"","footnotes":""},"categories":[22,5],"tags":[],"class_list":{"0":"post-108124","1":"post","2":"type-post","3":"status-publish","4":"format-standard","5":"has-post-thumbnail","7":"category-brasil","8":"category-saude-e-vida"},"_links":{"self":[{"href":"https:\/\/migracao.redenoticia.com.br\/noticia\/wp-json\/wp\/v2\/posts\/108124","targetHints":{"allow":["GET"]}}],"collection":[{"href":"https:\/\/migracao.redenoticia.com.br\/noticia\/wp-json\/wp\/v2\/posts"}],"about":[{"href":"https:\/\/migracao.redenoticia.com.br\/noticia\/wp-json\/wp\/v2\/types\/post"}],"author":[{"embeddable":true,"href":"https:\/\/migracao.redenoticia.com.br\/noticia\/wp-json\/wp\/v2\/users\/2"}],"replies":[{"embeddable":true,"href":"https:\/\/migracao.redenoticia.com.br\/noticia\/wp-json\/wp\/v2\/comments?post=108124"}],"version-history":[{"count":0,"href":"https:\/\/migracao.redenoticia.com.br\/noticia\/wp-json\/wp\/v2\/posts\/108124\/revisions"}],"wp:featuredmedia":[{"embeddable":true,"href":"https:\/\/migracao.redenoticia.com.br\/noticia\/wp-json\/wp\/v2\/media\/34747"}],"wp:attachment":[{"href":"https:\/\/migracao.redenoticia.com.br\/noticia\/wp-json\/wp\/v2\/media?parent=108124"}],"wp:term":[{"taxonomy":"category","embeddable":true,"href":"https:\/\/migracao.redenoticia.com.br\/noticia\/wp-json\/wp\/v2\/categories?post=108124"},{"taxonomy":"post_tag","embeddable":true,"href":"https:\/\/migracao.redenoticia.com.br\/noticia\/wp-json\/wp\/v2\/tags?post=108124"}],"curies":[{"name":"wp","href":"https:\/\/api.w.org\/{rel}","templated":true}]}}