{"id":108146,"date":"2017-03-03T17:01:54","date_gmt":"2017-03-03T20:01:54","guid":{"rendered":"http:\/\/www.redenoticia.com.br\/noticia\/?p=108146"},"modified":"2017-03-03T21:58:44","modified_gmt":"2017-03-04T00:58:44","slug":"novela-ezel-resumo-0403-cengiz-pressiona-ezel-sobre-seu-passado","status":"publish","type":"post","link":"https:\/\/migracao.redenoticia.com.br\/noticia\/2017\/novela-ezel-resumo-0403-cengiz-pressiona-ezel-sobre-seu-passado\/108146","title":{"rendered":"Novela \u201cEzel\u201d resumo 04\/03: Cengiz pressiona Ezel sobre seu passado"},"content":{"rendered":"<p> <img loading=\"lazy\" decoding=\"async\" class=\"alignleft size-thumbnail wp-image-98061\" src=\"https:\/\/migracao.redenoticia.com.br\/noticia\/imagens\/ezel_novela_band_resumo-150x112.jpg\" alt=\"ezel_novela_band_resumo\" width=\"150\" height=\"112\" srcset=\"https:\/\/migracao.redenoticia.com.br\/noticia\/imagens\/ezel_novela_band_resumo-150x112.jpg 150w, https:\/\/migracao.redenoticia.com.br\/noticia\/imagens\/ezel_novela_band_resumo-265x198.jpg 265w\" sizes=\"auto, (max-width: 150px) 100vw, 150px\" \/><strong><em> Novela \u201cEzel\u201d resumo 04\/03<\/em><\/strong>: no capitulo 102 (*) da novela \u201cEzel\u201d, s\u00e1bado, 04 de mar\u00e7o, Eysan tenta se suicidar tomando v\u00e1rios medicamentos. Contudo, foi encontrada por Mert junto ao t\u00famulo do seu irm\u00e3o. Depois disso, Ezel decidir ir ver como ela estava, mas ela n\u00e3o quer conversar. Al\u00e9m disso, Eysan est\u00e1 muito machucada por tudo o que aconteceu e pede ajuda a Bahar. Sua irm\u00e3 \u00e9 enf\u00e1tica e diz que n\u00e3o far\u00e1 nada. Por\u00e9m, Bahar n\u00e3o aguenta e decide ajud\u00e1-la, j\u00e1 que Eysan lhe adverte se n\u00e3o fizer isso, vai tentar se matar de novo. Ezel precisa encontrar a pessoa que matou Kamil e pede a ajuda de Tevfik para isso. Ali prop\u00f5e a Ramiz se unir a ele para ajudar Ezel. Eysan se refugia na casa de Mert e Bahar vai visit\u00e1-la. Cengiz amea\u00e7a Mert e pressiona Ezel sobre seu passado.<\/p>\n<p>(*) edi\u00e7\u00e3o da Band, Novela \u201cEzel\u201d, sujeito a altera\u00e7\u00e3o de data e conte\u00fado.<\/p>\n<p>Sinopse: a novela conta a hist\u00f3ria de Omer, um rapaz de bom cora\u00e7\u00e3o que foi acusado injustamente, pelo seu melhor amigo Cengiz, de cometer crimes. E mais, sua namorada, Eysan, participa da arma\u00e7\u00e3o. Para ele a trai\u00e7\u00e3o da namorada foi a pior coisa que poderia ter acontecido. Omer \u00e9 preso. Quatros anos ap\u00f3s a sua pris\u00e3o, acontece um terr\u00edvel inc\u00eandio na penitenci\u00e1ria e o rapaz \u00e9 dado como morto. Com a ajuda de um amigo, ele se submete a v\u00e1rias cirurgias pl\u00e1sticas e muda o rosto, al\u00e9m de adotar uma nova identidade, agora ele ser\u00e1 Ezel. Oitos anos depois, Ezel \u00e9 um homem frio, calculista, ambicioso e n\u00e3o ter\u00e1 piedade de quem cruzar o seu caminho, principalmente aqueles que quase destru\u00edram a sua vida, mas ao reencontrar Eysan, a antiga paix\u00e3o come\u00e7a a falar mais alto. Enquanto isso, Eysan tornou-se uma mulher infeliz, que vive atormentada pelos pecados do passado. A partir da\u00ed um jogo de intrigas, vingan\u00e7a e sedu\u00e7\u00e3o toma conta da hist\u00f3ria.<\/p>\n","protected":false},"excerpt":{"rendered":"<p>Novela \u201cEzel\u201d resumo 04\/03: no capitulo 102 (*) da novela \u201cEzel\u201d, s\u00e1bado, 04 de mar\u00e7o, Eysan tenta se suicidar tomando v\u00e1rios medicamentos. Contudo, foi encontrada por Mert junto ao t\u00famulo do seu irm\u00e3o. Depois disso, Ezel decidir ir ver como ela estava, mas ela n\u00e3o quer conversar. Al\u00e9m disso, Eysan est\u00e1 muito machucada por tudo [&hellip;]<\/p>\n","protected":false},"author":2,"featured_media":98061,"comment_status":"open","ping_status":"closed","sticky":false,"template":"","format":"standard","meta":{"tdm_status":"","tdm_grid_status":"","footnotes":""},"categories":[390,379,343],"tags":[441],"class_list":{"0":"post-108146","1":"post","2":"type-post","3":"status-publish","4":"format-standard","5":"has-post-thumbnail","7":"category-band","8":"category-novelas","9":"category-televisao","10":"tag-resumo-do-dia"},"_links":{"self":[{"href":"https:\/\/migracao.redenoticia.com.br\/noticia\/wp-json\/wp\/v2\/posts\/108146","targetHints":{"allow":["GET"]}}],"collection":[{"href":"https:\/\/migracao.redenoticia.com.br\/noticia\/wp-json\/wp\/v2\/posts"}],"about":[{"href":"https:\/\/migracao.redenoticia.com.br\/noticia\/wp-json\/wp\/v2\/types\/post"}],"author":[{"embeddable":true,"href":"https:\/\/migracao.redenoticia.com.br\/noticia\/wp-json\/wp\/v2\/users\/2"}],"replies":[{"embeddable":true,"href":"https:\/\/migracao.redenoticia.com.br\/noticia\/wp-json\/wp\/v2\/comments?post=108146"}],"version-history":[{"count":0,"href":"https:\/\/migracao.redenoticia.com.br\/noticia\/wp-json\/wp\/v2\/posts\/108146\/revisions"}],"wp:featuredmedia":[{"embeddable":true,"href":"https:\/\/migracao.redenoticia.com.br\/noticia\/wp-json\/wp\/v2\/media\/98061"}],"wp:attachment":[{"href":"https:\/\/migracao.redenoticia.com.br\/noticia\/wp-json\/wp\/v2\/media?parent=108146"}],"wp:term":[{"taxonomy":"category","embeddable":true,"href":"https:\/\/migracao.redenoticia.com.br\/noticia\/wp-json\/wp\/v2\/categories?post=108146"},{"taxonomy":"post_tag","embeddable":true,"href":"https:\/\/migracao.redenoticia.com.br\/noticia\/wp-json\/wp\/v2\/tags?post=108146"}],"curies":[{"name":"wp","href":"https:\/\/api.w.org\/{rel}","templated":true}]}}