{"id":108190,"date":"2017-03-03T17:10:02","date_gmt":"2017-03-03T20:10:02","guid":{"rendered":"http:\/\/www.redenoticia.com.br\/noticia\/?p=108190"},"modified":"2017-03-03T17:28:02","modified_gmt":"2017-03-03T20:28:02","slug":"resumo-novela-carinha-de-anjo-0603-dulce-vai-participar-de-uma-campanha-infantil","status":"publish","type":"post","link":"https:\/\/migracao.redenoticia.com.br\/noticia\/2017\/resumo-novela-carinha-de-anjo-0603-dulce-vai-participar-de-uma-campanha-infantil\/108190","title":{"rendered":"Resumo novela \u201cCarinha de Anjo\u201d 06\/03: Gustavo pensa em demitir Ver\u00f4nica"},"content":{"rendered":"<p><img loading=\"lazy\" decoding=\"async\" class=\"alignleft size-thumbnail wp-image-99331\" src=\"https:\/\/migracao.redenoticia.com.br\/noticia\/imagens\/carinha_de_anjo_sbt_novela_resumo_capitulo-150x112.jpg\" alt=\"carinha_de_anjo_sbt_novela_resumo_capitulo\" width=\"150\" height=\"112\" srcset=\"https:\/\/migracao.redenoticia.com.br\/noticia\/imagens\/carinha_de_anjo_sbt_novela_resumo_capitulo-150x112.jpg 150w, https:\/\/migracao.redenoticia.com.br\/noticia\/imagens\/carinha_de_anjo_sbt_novela_resumo_capitulo-265x198.jpg 265w\" sizes=\"auto, (max-width: 150px) 100vw, 150px\" \/><strong><em>Resumo novela \u201cCarinha de Anjo\u201d 06\/03<\/em><\/strong>: no cap\u00edtulo 076 (*) da novela \u201cCarinha de Anjo\u201d, resumo de segunda-feira, 06 de mar\u00e7o, Peixoto ensina Rosana a pescar com o molinete. Para isso, ele precisa ficar pr\u00f3ximo a ela, como se estivesse abra\u00e7ando. Z\u00e9 Felipe, que est\u00e1 no mesmo pesqueiro com Pascoal, pensa que a m\u00e3e de seu amigo, Em\u00edlio, est\u00e1 sendo atacada e corre para salv\u00e1-la. Ele percebe que foi um mal-entendido. No food truck de Vitor, Ver\u00f4nica diz \u00e0s irm\u00e3s Fabiana e Cec\u00edlia que acha Gustavo muito bonito e charmoso. Dr. Andr\u00e9 chega, resolve se juntar \u00e0s mo\u00e7as, e faz elogios \u00e0 Cec\u00edlia. <\/p>\n<p>In\u00e1cio fala para Diana que pode conseguir uma entrevista para Zeca com um amigo que trabalha na r\u00e1dio. Rosana chega \u00e0 sua casa e conta para Juju que viu Zeca tocando viol\u00e3o para uma garota no pesqueiro. Dr. Andr\u00e9 e F\u00e1tima conversam sobre Cec\u00edlia. F\u00e1tima diz que acha que sua irm\u00e3 tem d\u00favidas sobre sua voca\u00e7\u00e3o de freira e Andr\u00e9 fica esperan\u00e7oso de que um dia ela desista dessa ideia. As freiras ensaiam para o concurso. Zeca fica emburrado quando todos em sua casa querem saber mais sobre a menina para quem ele estava tocando viol\u00e3o. Dulce diz a seu pai que s\u00f3 vai ser amiga de Nicole se ele aumentar o sal\u00e1rio de Ver\u00f4nica. <\/p>\n<p>Gustavo pensa que Ver\u00f4nica reclamou com Dulce e diz a Estef\u00e2nia que demitir\u00e1 a mo\u00e7a. Fl\u00e1vio contrata \u00c9rica (Einat Falbel), que se passa por assistente social e enganar Rosana. Adriana e Duda contam pra Cec\u00edlia que Frida e B\u00e1rbara inventaram a hist\u00f3ria sobre Ver\u00f4nica reclamar de seu sal\u00e1rio. Cec\u00edlia e Fabiana contam pra Dulce a verdade. Nicole conta a Gustavo que conseguiu um trabalho numa campanha infantil e pergunta se Dulce n\u00e3o gostaria de acompanh\u00e1-la nesse dia. Gustavo concorda com a ideia.<\/p>\n<p>(*) edi\u00e7\u00e3o do SBT, Novela \u201cCarinha de Anjo\u201d, sujeito a altera\u00e7\u00e3o de data e conte\u00fado.<\/p>\n<p>Carinha de Anjo \u00e9 uma telenovela brasileira produzida e exibida originalmente pelo SBT desde o dia 21 de novembro de 2016, substituindo o hor\u00e1rio anteriormente ocupado por C\u00famplices de um Resgate. A telenovela \u00e9 inspirada na mexicana Carita de \u00e1ngel, que, por sua vez, \u00e9 um remake de Mundo de juguete, ambas produzidas pela Televisa e que haviam sido baseadas na trama argentina escrita por Abel Santa Cruz, Pap\u00e1 coraz\u00f3n. Esta ser\u00e1 a segunda adapta\u00e7\u00e3o brasileira da obra original argentina, visto que a Rede Tupi apresentou em 1976 a sua primeira vers\u00e3o, chamada de Papai Cora\u00e7\u00e3o. A nova vers\u00e3o \u00e9 escrita por Leonor Corr\u00eaa, com supervis\u00e3o de \u00cdris Abravanel e dire\u00e7\u00e3o geral de Ricardo Mantoanelli. A trama conta com Lorena Queiroz, Bia Arantes, Carlo Porto, Priscila Sol, Dani Gondim, Karin Hils, Eliana Guttman e Lucero nos pap\u00e9is principais.<\/p>\n","protected":false},"excerpt":{"rendered":"<p>Resumo novela \u201cCarinha de Anjo\u201d 06\/03: no cap\u00edtulo 076 (*) da novela \u201cCarinha de Anjo\u201d, resumo de segunda-feira, 06 de mar\u00e7o, Peixoto ensina Rosana a pescar com o molinete. Para isso, ele precisa ficar pr\u00f3ximo a ela, como se estivesse abra\u00e7ando. Z\u00e9 Felipe, que est\u00e1 no mesmo pesqueiro com Pascoal, pensa que a m\u00e3e de [&hellip;]<\/p>\n","protected":false},"author":4,"featured_media":99331,"comment_status":"open","ping_status":"closed","sticky":false,"template":"","format":"standard","meta":{"tdm_status":"","tdm_grid_status":"","footnotes":""},"categories":[452,379,372,343],"tags":[441],"class_list":{"0":"post-108190","1":"post","2":"type-post","3":"status-publish","4":"format-standard","5":"has-post-thumbnail","7":"category-carinha-de-anjo","8":"category-novelas","9":"category-sbt","10":"category-televisao","11":"tag-resumo-do-dia"},"_links":{"self":[{"href":"https:\/\/migracao.redenoticia.com.br\/noticia\/wp-json\/wp\/v2\/posts\/108190","targetHints":{"allow":["GET"]}}],"collection":[{"href":"https:\/\/migracao.redenoticia.com.br\/noticia\/wp-json\/wp\/v2\/posts"}],"about":[{"href":"https:\/\/migracao.redenoticia.com.br\/noticia\/wp-json\/wp\/v2\/types\/post"}],"author":[{"embeddable":true,"href":"https:\/\/migracao.redenoticia.com.br\/noticia\/wp-json\/wp\/v2\/users\/4"}],"replies":[{"embeddable":true,"href":"https:\/\/migracao.redenoticia.com.br\/noticia\/wp-json\/wp\/v2\/comments?post=108190"}],"version-history":[{"count":0,"href":"https:\/\/migracao.redenoticia.com.br\/noticia\/wp-json\/wp\/v2\/posts\/108190\/revisions"}],"wp:featuredmedia":[{"embeddable":true,"href":"https:\/\/migracao.redenoticia.com.br\/noticia\/wp-json\/wp\/v2\/media\/99331"}],"wp:attachment":[{"href":"https:\/\/migracao.redenoticia.com.br\/noticia\/wp-json\/wp\/v2\/media?parent=108190"}],"wp:term":[{"taxonomy":"category","embeddable":true,"href":"https:\/\/migracao.redenoticia.com.br\/noticia\/wp-json\/wp\/v2\/categories?post=108190"},{"taxonomy":"post_tag","embeddable":true,"href":"https:\/\/migracao.redenoticia.com.br\/noticia\/wp-json\/wp\/v2\/tags?post=108190"}],"curies":[{"name":"wp","href":"https:\/\/api.w.org\/{rel}","templated":true}]}}