{"id":108292,"date":"2017-03-06T00:24:01","date_gmt":"2017-03-06T03:24:01","guid":{"rendered":"http:\/\/www.redenoticia.com.br\/noticia\/?p=108292"},"modified":"2017-03-05T18:45:43","modified_gmt":"2017-03-05T21:45:43","slug":"procon-sp-oferece-palestras-gratuitas-no-mes-de-marco-para-superendividados","status":"publish","type":"post","link":"https:\/\/migracao.redenoticia.com.br\/noticia\/2017\/procon-sp-oferece-palestras-gratuitas-no-mes-de-marco-para-superendividados\/108292","title":{"rendered":"Procon-SP oferece palestras gratuitas no m\u00eas de mar\u00e7o para superendividados"},"content":{"rendered":"<p> O Procon-SP promove uma s\u00e9rie de <em><strong>palestras gratuitas durante o m\u00eas de mar\u00e7o para superendividados<\/strong><\/em>. A Funda\u00e7\u00e3o tamb\u00e9m fornece ajuda para que as pessoas possam superar as dificuldades financeiras, recuperar o cr\u00e9dito e tocar a vida adiante.<\/p>\n<p>Os temas s\u00e3o abordados em duas linhas de racioc\u00ednio. Segundo o perfil e interesse das pessoas, a primeira \u00e9 \u201cOrienta\u00e7\u00e3o Financeira\u201d e a segunda sobre \u201cDireitos B\u00e1sicos do Consumidor\u201d. As inscri\u00e7\u00f5es podem ser feitas pelo do \u00f3rg\u00e3o p\u00fablico ou por telefone.<\/p>\n<p>Quem comparecer ter\u00e1 material did\u00e1tico e, se necess\u00e1rio, comprovante de comparecimento. Os interessados devem preencher o formul\u00e1rio e certificar que o e-mail informado est\u00e1 correto, pois ser\u00e1 utilizado para poss\u00edvel contato.<\/p>\n<p>Confira abaixo os temas, hor\u00e1rios e mais detalhes sobre as palestras.<\/p>\n<p>SERVI\u00c7O<br \/>\nPalestra \u2013 Orienta\u00e7\u00e3o Financeira<br \/>\nQuinta-feira, 9 \u2013 das 9 \u00e0s 11h<br \/>\nRua Barra Funda, 930 \u2013 1\u00ba andar \u2013 sala 111 \u2013 Barra Funda \u2013 S\u00e3o Paulo\/SP<br \/>\nEvento aberto ao p\u00fablico.<\/p>\n<p>Palestra \u2013 Direitos B\u00e1sicos do Consumidor<br \/>\nTer\u00e7a-feira, 28 \u2013 das 9 \u00e0s 11h<br \/>\nRua Barra Funda, 930 \u2013 1\u00ba andar \u2013 sala 111\u2013 Barra Funda \u2013 S\u00e3o Paulo\/SP<br \/>\nEvento aberto ao p\u00fablico<\/p>\n<p>Do Portal do Governo SP<\/p>\n","protected":false},"excerpt":{"rendered":"<p>O Procon-SP promove uma s\u00e9rie de palestras gratuitas durante o m\u00eas de mar\u00e7o para superendividados. A Funda\u00e7\u00e3o tamb\u00e9m fornece ajuda para que as pessoas possam superar as dificuldades financeiras, recuperar o cr\u00e9dito e tocar a vida adiante. Os temas s\u00e3o abordados em duas linhas de racioc\u00ednio. Segundo o perfil e interesse das pessoas, a primeira [&hellip;]<\/p>\n","protected":false},"author":2,"featured_media":36246,"comment_status":"open","ping_status":"closed","sticky":false,"template":"","format":"standard","meta":{"tdm_status":"","tdm_grid_status":"","footnotes":""},"categories":[22,351,370],"tags":[],"class_list":{"0":"post-108292","1":"post","2":"type-post","3":"status-publish","4":"format-standard","5":"has-post-thumbnail","7":"category-brasil","8":"category-cursos","9":"category-inscricao"},"_links":{"self":[{"href":"https:\/\/migracao.redenoticia.com.br\/noticia\/wp-json\/wp\/v2\/posts\/108292","targetHints":{"allow":["GET"]}}],"collection":[{"href":"https:\/\/migracao.redenoticia.com.br\/noticia\/wp-json\/wp\/v2\/posts"}],"about":[{"href":"https:\/\/migracao.redenoticia.com.br\/noticia\/wp-json\/wp\/v2\/types\/post"}],"author":[{"embeddable":true,"href":"https:\/\/migracao.redenoticia.com.br\/noticia\/wp-json\/wp\/v2\/users\/2"}],"replies":[{"embeddable":true,"href":"https:\/\/migracao.redenoticia.com.br\/noticia\/wp-json\/wp\/v2\/comments?post=108292"}],"version-history":[{"count":0,"href":"https:\/\/migracao.redenoticia.com.br\/noticia\/wp-json\/wp\/v2\/posts\/108292\/revisions"}],"wp:featuredmedia":[{"embeddable":true,"href":"https:\/\/migracao.redenoticia.com.br\/noticia\/wp-json\/wp\/v2\/media\/36246"}],"wp:attachment":[{"href":"https:\/\/migracao.redenoticia.com.br\/noticia\/wp-json\/wp\/v2\/media?parent=108292"}],"wp:term":[{"taxonomy":"category","embeddable":true,"href":"https:\/\/migracao.redenoticia.com.br\/noticia\/wp-json\/wp\/v2\/categories?post=108292"},{"taxonomy":"post_tag","embeddable":true,"href":"https:\/\/migracao.redenoticia.com.br\/noticia\/wp-json\/wp\/v2\/tags?post=108292"}],"curies":[{"name":"wp","href":"https:\/\/api.w.org\/{rel}","templated":true}]}}