{"id":108294,"date":"2017-03-06T00:25:27","date_gmt":"2017-03-06T03:25:27","guid":{"rendered":"http:\/\/www.redenoticia.com.br\/noticia\/?p=108294"},"modified":"2017-03-05T18:46:49","modified_gmt":"2017-03-05T21:46:49","slug":"vacinacao-contra-gripe-comeca-em-17-de-abril","status":"publish","type":"post","link":"https:\/\/migracao.redenoticia.com.br\/noticia\/2017\/vacinacao-contra-gripe-comeca-em-17-de-abril\/108294","title":{"rendered":"Vacina\u00e7\u00e3o contra gripe come\u00e7a em 17 de abril"},"content":{"rendered":"<p> Professores da rede p\u00fablica e privada de todo o pa\u00eds ser\u00e3o inclu\u00eddos como p\u00fablico-alvo da Campanha Nacional de <strong><em>Vacina\u00e7\u00e3o contra a Gripe<\/em><\/strong> neste ano. Segundo o ministro da sa\u00fade, Ricardo Barros, as doses estar\u00e3o dispon\u00edveis para a popula\u00e7\u00e3o a partir de 17 de abril. Alguns estados devem receber o quantitativo mais cedo \u2013 sobretudo os da Regi\u00e3o Sul, em raz\u00e3o das baixas temperaturas registradas no per\u00edodo \u2013 e poder\u00e3o antecipar o in\u00edcio da imuniza\u00e7\u00e3o.<\/p>\n<p>Al\u00e9m dos professores, tamb\u00e9m devem ser imunizados crian\u00e7as com idade entre 6 meses e menores de 5 anos, idosos, gestantes, pu\u00e9rperas (mulheres at\u00e9 40 dias ap\u00f3s o parto), trabalhadores da sa\u00fade e pessoas com algum tipo de comorbidade.<\/p>\n<p>\u201c[Vale tanto para] professores da rede p\u00fablica e privada. N\u00e3o haver\u00e1 diferencia\u00e7\u00e3o. Basta comprovar que \u00e9 professor e ele ter\u00e1 acesso \u00e0 vacina\u00e7\u00e3o\u201d, explicou a coordenadora do Programa Nacional de Imuniza\u00e7\u00f5es, Carla Domingues. \u201cNossa expectativa \u00e9 vacinar 54 milh\u00f5es de brasileiros \u2013 quase 3 milh\u00f5es a mais do que o previsto no ano passado\u201d, completou.<\/p>\n<p>De acordo com o ministro da sa\u00fade, Ricardo Barros, a vacina contra a gripe estar\u00e1 dispon\u00edvel para toda a popula\u00e7\u00e3o a partir de 17 de abril. Alguns estados, entretanto, v\u00e3o receber as doses mais cedo \u2013 sobretudo os da Regi\u00e3o Sul, em raz\u00e3o das baixas temperaturas registradas no per\u00edodo \u2013 e poder\u00e3o antecipar o in\u00edcio da imuniza\u00e7\u00e3o.<\/p>\n<p>Paula Laboissi\u00e8re \u2013 Rep\u00f3rter da Ag\u00eancia Brasil<br \/>\nEdi\u00e7\u00e3o: Denise Griesinger<br \/>\n06\/03\/2017<\/p>\n","protected":false},"excerpt":{"rendered":"<p>Professores da rede p\u00fablica e privada de todo o pa\u00eds ser\u00e3o inclu\u00eddos como p\u00fablico-alvo da Campanha Nacional de Vacina\u00e7\u00e3o contra a Gripe neste ano. Segundo o ministro da sa\u00fade, Ricardo Barros, as doses estar\u00e3o dispon\u00edveis para a popula\u00e7\u00e3o a partir de 17 de abril. Alguns estados devem receber o quantitativo mais cedo \u2013 sobretudo os [&hellip;]<\/p>\n","protected":false},"author":2,"featured_media":34747,"comment_status":"open","ping_status":"closed","sticky":false,"template":"","format":"standard","meta":{"tdm_status":"","tdm_grid_status":"","footnotes":""},"categories":[22,5],"tags":[],"class_list":{"0":"post-108294","1":"post","2":"type-post","3":"status-publish","4":"format-standard","5":"has-post-thumbnail","7":"category-brasil","8":"category-saude-e-vida"},"_links":{"self":[{"href":"https:\/\/migracao.redenoticia.com.br\/noticia\/wp-json\/wp\/v2\/posts\/108294","targetHints":{"allow":["GET"]}}],"collection":[{"href":"https:\/\/migracao.redenoticia.com.br\/noticia\/wp-json\/wp\/v2\/posts"}],"about":[{"href":"https:\/\/migracao.redenoticia.com.br\/noticia\/wp-json\/wp\/v2\/types\/post"}],"author":[{"embeddable":true,"href":"https:\/\/migracao.redenoticia.com.br\/noticia\/wp-json\/wp\/v2\/users\/2"}],"replies":[{"embeddable":true,"href":"https:\/\/migracao.redenoticia.com.br\/noticia\/wp-json\/wp\/v2\/comments?post=108294"}],"version-history":[{"count":0,"href":"https:\/\/migracao.redenoticia.com.br\/noticia\/wp-json\/wp\/v2\/posts\/108294\/revisions"}],"wp:featuredmedia":[{"embeddable":true,"href":"https:\/\/migracao.redenoticia.com.br\/noticia\/wp-json\/wp\/v2\/media\/34747"}],"wp:attachment":[{"href":"https:\/\/migracao.redenoticia.com.br\/noticia\/wp-json\/wp\/v2\/media?parent=108294"}],"wp:term":[{"taxonomy":"category","embeddable":true,"href":"https:\/\/migracao.redenoticia.com.br\/noticia\/wp-json\/wp\/v2\/categories?post=108294"},{"taxonomy":"post_tag","embeddable":true,"href":"https:\/\/migracao.redenoticia.com.br\/noticia\/wp-json\/wp\/v2\/tags?post=108294"}],"curies":[{"name":"wp","href":"https:\/\/api.w.org\/{rel}","templated":true}]}}