{"id":1083,"date":"2009-05-01T11:21:35","date_gmt":"2009-05-01T15:21:35","guid":{"rendered":"http:\/\/www.redenoticia.com.br\/noticia\/?p=1083"},"modified":"2009-05-01T11:21:35","modified_gmt":"2009-05-01T15:21:35","slug":"expedito-junior-elogia-harmonia-entre-os-poderes-em-rondonia","status":"publish","type":"post","link":"https:\/\/migracao.redenoticia.com.br\/noticia\/2009\/expedito-junior-elogia-harmonia-entre-os-poderes-em-rondonia\/1083","title":{"rendered":"Expedito J\u00fanior elogia harmonia entre os Poderes em Rond\u00f4nia"},"content":{"rendered":"<p class=\"MsoNormal\"><span style=\"font-family: Arial;\" lang=\"PT\">O senador<strong> <\/strong>Expedito J\u00fanior (PR-RO) fez um contraponto aos pronunciamentos feitos na quarta-feira (29) pelos senadores M\u00e1rio Couto (PSDB-PA) e Flexa Ribeiro (PSDB-PA), em que denunciaram &#8220;desmandos&#8221; praticados pela governadora Ana J\u00falia Carepa e as &#8220;mazelas&#8221; sofridas pelo povo paraense. Expedito elogiou e comemorou a harmonia que &#8211; garante ele &#8211; impera entre os tr\u00eas Poderes do estado de Rond\u00f4nia. <\/span><\/p>\n<p class=\"MsoNormal\"><span style=\"font-family: Arial;\" lang=\"PT\">&#8211; Em Rond\u00f4nia, as coisas acontecem de forma diferente &#8211; afirmou o senador, em discurso nesta quinta-feira (30).<\/span><\/p>\n<p class=\"MsoNormal\"><span style=\"font-family: Arial;\" lang=\"PT\">Expedito J\u00fanior disse que um dos respons\u00e1veis pela obten\u00e7\u00e3o dessa harmonia foi o atual presidente da Assembl\u00e9ia Legislativa do estado, deputado Neodi Carlos (PSDC).<\/span><\/p>\n<p class=\"MsoNormal\"><span style=\"font-family: Arial;\" lang=\"PT\">&#8211; O Poder Legislativo de Rond\u00f4nia, hoje, serve de exemplo. Talvez tenha sido o primeiro a devolver dinheiro. Eles economizaram cerca de R$ 60 milh\u00f5es para os cofres p\u00fablicos &#8211; assinalou. <\/span><\/p>\n<p class=\"MsoNormal\"><span style=\"font-family: Arial;\" lang=\"PT\">Expedito J\u00fanior ressaltou a atua\u00e7\u00e3o da administra\u00e7\u00e3o estadual e anunciou que o governador Ivo Cassol entregou mais de cem m\u00e1quinas pesadas ao Departamento de Estradas de Rodagem (DER), no \u00e2mbito do programa Cidade Limpa. Embora esse tipo de trabalho seja um dever dos munic\u00edpios, disse o senador, o governador solidarizou-se com os prefeitos, tendo, ainda, entregue 52 novas ambul\u00e2ncias, uma para cada munic\u00edpio do estado.<\/span><\/p>\n<p class=\"MsoNormal\"><span style=\"font-family: Arial;\" lang=\"PT\">O governador Ivo Cassol, frisou o senador, vai entregar o governo do estado com todos os munic\u00edpios ligados por estradas asfaltadas, embora o asfaltamento seja de responsabilidade do governo federal. Ele enumerou, ainda, a conclus\u00e3o da obra um de um hospital regional em Cacoal, e a constru\u00e7\u00e3o, em andamento, do aeroporto do munic\u00edpio. Essa obra, disse Expedito, deveria ter sido constru\u00edda com recursos federais, mas recebeu mais de R$ 5 milh\u00f5es do governo do estado. No transporte escolar, s\u00f3 no ano passado, foram repassados R$ 28 milh\u00f5es em conv\u00eanios aos munic\u00edpios, informou. <\/span><\/p>\n<p><span style=\"font-size: 12pt; font-family: Arial;\" lang=\"PT\">Da Reda\u00e7\u00e3o \/ Ag\u00eancia Senado<\/span><\/p>\n","protected":false},"excerpt":{"rendered":"<p>O senador Expedito J\u00fanior (PR-RO) fez um contraponto aos pronunciamentos feitos na quarta-feira (29) pelos senadores M\u00e1rio Couto (PSDB-PA) e Flexa Ribeiro (PSDB-PA), em que denunciaram &#8220;desmandos&#8221; praticados pela governadora Ana J\u00falia Carepa e as &#8220;mazelas&#8221; sofridas pelo povo paraense. Expedito elogiou e comemorou a harmonia que &#8211; garante ele &#8211; impera entre os tr\u00eas [&hellip;]<\/p>\n","protected":false},"author":3,"featured_media":0,"comment_status":"open","ping_status":"open","sticky":false,"template":"","format":"standard","meta":{"tdm_status":"","tdm_grid_status":"","footnotes":""},"categories":[22],"tags":[],"class_list":{"0":"post-1083","1":"post","2":"type-post","3":"status-publish","4":"format-standard","6":"category-brasil"},"_links":{"self":[{"href":"https:\/\/migracao.redenoticia.com.br\/noticia\/wp-json\/wp\/v2\/posts\/1083","targetHints":{"allow":["GET"]}}],"collection":[{"href":"https:\/\/migracao.redenoticia.com.br\/noticia\/wp-json\/wp\/v2\/posts"}],"about":[{"href":"https:\/\/migracao.redenoticia.com.br\/noticia\/wp-json\/wp\/v2\/types\/post"}],"author":[{"embeddable":true,"href":"https:\/\/migracao.redenoticia.com.br\/noticia\/wp-json\/wp\/v2\/users\/3"}],"replies":[{"embeddable":true,"href":"https:\/\/migracao.redenoticia.com.br\/noticia\/wp-json\/wp\/v2\/comments?post=1083"}],"version-history":[{"count":0,"href":"https:\/\/migracao.redenoticia.com.br\/noticia\/wp-json\/wp\/v2\/posts\/1083\/revisions"}],"wp:attachment":[{"href":"https:\/\/migracao.redenoticia.com.br\/noticia\/wp-json\/wp\/v2\/media?parent=1083"}],"wp:term":[{"taxonomy":"category","embeddable":true,"href":"https:\/\/migracao.redenoticia.com.br\/noticia\/wp-json\/wp\/v2\/categories?post=1083"},{"taxonomy":"post_tag","embeddable":true,"href":"https:\/\/migracao.redenoticia.com.br\/noticia\/wp-json\/wp\/v2\/tags?post=1083"}],"curies":[{"name":"wp","href":"https:\/\/api.w.org\/{rel}","templated":true}]}}