{"id":108324,"date":"2017-03-07T00:30:02","date_gmt":"2017-03-07T03:30:02","guid":{"rendered":"http:\/\/www.redenoticia.com.br\/noticia\/?p=108324"},"modified":"2017-03-06T14:33:17","modified_gmt":"2017-03-06T17:33:17","slug":"mestrado-em-farmacologia-na-unesp-com-bolsa-da-fapesp","status":"publish","type":"post","link":"https:\/\/migracao.redenoticia.com.br\/noticia\/2017\/mestrado-em-farmacologia-na-unesp-com-bolsa-da-fapesp\/108324","title":{"rendered":"Mestrado em Farmacologia na Unesp com Bolsa da FAPESP"},"content":{"rendered":"<p> Ag\u00eancia FAPESP \u2013 O Departamento de Farmacologia da Universidade Estadual Paulista (Unesp) em Botucatu oferece uma oportunidade de <em><strong>Mestrado na \u00e1rea de Farmacologia Bioqu\u00edmica e Molecular<\/strong><\/em> com Bolsa da FAPESP. O prazo de inscri\u00e7\u00e3o encerra em 15 de mar\u00e7o.<\/p>\n<p>A bolsa est\u00e1 vinculada ao projeto de pesquisa &#8220;&#8221;, apoiado pela FAPESP no \u00e2mbito do Programa Jovens Pesquisadores em Centros Emergentes. O bolsista ser\u00e1 orientado por Erick Jos\u00e9 Ramo da Silva, pesquisador respons\u00e1vel pelo projeto.<\/p>\n<p>O objetivo do projeto de pesquisa \u00e9 investigar o papel da prote\u00edna esperm\u00e1tica EPPIN na fertilidade masculina utilizando camundongos como modelo experimental, visando avan\u00e7ar no seu desenvolvimento como alvo para f\u00e1rmacos contraceptivos masculinos.<\/p>\n<p>O candidato selecionado receber\u00e1 treinamento em ensaios funcionais de avalia\u00e7\u00e3o esperm\u00e1tica, moleculares e de intera\u00e7\u00e3o prote\u00edna-prote\u00edna.<\/p>\n<p>Candidatos com forma\u00e7\u00e3o nas \u00e1reas de Ci\u00eancias Biol\u00f3gicas e da Sa\u00fade e conhecimento b\u00e1sico em Farmacologia e Bioqu\u00edmica ser\u00e3o bem-vindos.<\/p>\n<p>Os interessados devem enviar curr\u00edculo vitae e hist\u00f3rico escolar da gradua\u00e7\u00e3o para Erick Jos\u00e9 Ramo da Silva no email ejrsilva@ibb.unesp.br.<\/p>\n<p>A oportunidade est\u00e1 publicada em .<\/p>\n<p>Para mais informa\u00e7\u00f5es sobre bolsas de Mestrado acesse: .<\/p>\n","protected":false},"excerpt":{"rendered":"<p>Ag\u00eancia FAPESP \u2013 O Departamento de Farmacologia da Universidade Estadual Paulista (Unesp) em Botucatu oferece uma oportunidade de Mestrado na \u00e1rea de Farmacologia Bioqu\u00edmica e Molecular com Bolsa da FAPESP. O prazo de inscri\u00e7\u00e3o encerra em 15 de mar\u00e7o. A bolsa est\u00e1 vinculada ao projeto de pesquisa &#8220;&#8221;, apoiado pela FAPESP no \u00e2mbito do Programa [&hellip;]<\/p>\n","protected":false},"author":2,"featured_media":37376,"comment_status":"open","ping_status":"closed","sticky":false,"template":"","format":"standard","meta":{"tdm_status":"","tdm_grid_status":"","footnotes":""},"categories":[22,351,370],"tags":[],"class_list":{"0":"post-108324","1":"post","2":"type-post","3":"status-publish","4":"format-standard","5":"has-post-thumbnail","7":"category-brasil","8":"category-cursos","9":"category-inscricao"},"_links":{"self":[{"href":"https:\/\/migracao.redenoticia.com.br\/noticia\/wp-json\/wp\/v2\/posts\/108324","targetHints":{"allow":["GET"]}}],"collection":[{"href":"https:\/\/migracao.redenoticia.com.br\/noticia\/wp-json\/wp\/v2\/posts"}],"about":[{"href":"https:\/\/migracao.redenoticia.com.br\/noticia\/wp-json\/wp\/v2\/types\/post"}],"author":[{"embeddable":true,"href":"https:\/\/migracao.redenoticia.com.br\/noticia\/wp-json\/wp\/v2\/users\/2"}],"replies":[{"embeddable":true,"href":"https:\/\/migracao.redenoticia.com.br\/noticia\/wp-json\/wp\/v2\/comments?post=108324"}],"version-history":[{"count":0,"href":"https:\/\/migracao.redenoticia.com.br\/noticia\/wp-json\/wp\/v2\/posts\/108324\/revisions"}],"wp:featuredmedia":[{"embeddable":true,"href":"https:\/\/migracao.redenoticia.com.br\/noticia\/wp-json\/wp\/v2\/media\/37376"}],"wp:attachment":[{"href":"https:\/\/migracao.redenoticia.com.br\/noticia\/wp-json\/wp\/v2\/media?parent=108324"}],"wp:term":[{"taxonomy":"category","embeddable":true,"href":"https:\/\/migracao.redenoticia.com.br\/noticia\/wp-json\/wp\/v2\/categories?post=108324"},{"taxonomy":"post_tag","embeddable":true,"href":"https:\/\/migracao.redenoticia.com.br\/noticia\/wp-json\/wp\/v2\/tags?post=108324"}],"curies":[{"name":"wp","href":"https:\/\/api.w.org\/{rel}","templated":true}]}}