{"id":108329,"date":"2017-03-07T00:34:10","date_gmt":"2017-03-07T03:34:10","guid":{"rendered":"http:\/\/www.redenoticia.com.br\/noticia\/?p=108329"},"modified":"2017-03-06T14:35:26","modified_gmt":"2017-03-06T17:35:26","slug":"inscricoes-abertas-para-a-escola-avancada-sobre-arbovirologia","status":"publish","type":"post","link":"https:\/\/migracao.redenoticia.com.br\/noticia\/2017\/inscricoes-abertas-para-a-escola-avancada-sobre-arbovirologia\/108329","title":{"rendered":"Inscri\u00e7\u00f5es abertas para a Escola Avan\u00e7ada sobre arbovirologia"},"content":{"rendered":"<p> Karina Toledo | Ag\u00eancia FAPESP \u2013 Est\u00e3o abertas at\u00e9 15 de mar\u00e7o as inscri\u00e7\u00f5es para a , que ser\u00e1 realizada na Faculdade de Medicina de S\u00e3o Jos\u00e9 do Rio Preto (Famerp), no interior de S\u00e3o Paulo, entre os dias 29 de maio e 9 de junho. Voltado principalmente a p\u00f3s-graduandos e p\u00f3s-doutorandos, o evento tem como proposta transmitir uma vis\u00e3o cr\u00edtica e abrangente sobre o estado da arte nas pesquisas sobre <em><strong>arbov\u00edrus<\/strong><\/em>, com foco especial sobre dengue, Zika e chikungunya.<\/p>\n<p>S\u00e3o oferecidas 100 vagas, sendo aproximadamente metade para estudantes brasileiros e metade para estrangeiros, de acordo com o modelo do Programa Escola S\u00e3o Paulo de Ci\u00eancia Avan\u00e7ada () da FAPESP.<\/p>\n<p>As inscri\u00e7\u00f5es s\u00e3o gratuitas e os candidatos selecionados ter\u00e3o os custos de hospedagens e transporte custeados pelos organizadores. A sele\u00e7\u00e3o ser\u00e1 feita com base na an\u00e1lise do curr\u00edculo e da carta de interesse, buscando diversificar ao m\u00e1ximo o pa\u00eds de origem dos participantes.<\/p>\n<p>Como informou o organizador Maur\u00edcio Lacerda Nogueira, professor da Famerp, o evento d\u00e1 continuidade a uma s\u00e9rie de encontros que vem sendo realizada desde 2012 em parceria com a University of Texas Medical Branch (UTMB), dos Estados Unidos.<\/p>\n<p>\u201cEssa universidade norte-americana \u00e9 um centro de excel\u00eancia em pesquisas sobre arbov\u00edrus. Organizamos em parceria dois eventos de alto n\u00edvel, em 2012 e em 2016, em S\u00e3o Jos\u00e9 do Rio Preto. Diante do crescimento recente no n\u00famero de casos de Zika e chikungunya, decidimos aproveitar a tradi\u00e7\u00e3o e organizar um terceiro encontro no formato da ESPCA, com aulas te\u00f3ricas e tamb\u00e9m pr\u00e1ticas\u201d, disse Nogueira.<\/p>\n<p>A primeira semana da programa\u00e7\u00e3o ser\u00e1 dedicada \u00e0s aulas te\u00f3ricas e terminar\u00e1 com uma visita ao Centro de Pesquisa em Virologia da Faculdade de Medicina de Ribeir\u00e3o Preto (FMRP), da Universidade de S\u00e3o Paulo (USP), coordenado pelo professor Luiz Tadeu Figueiredo.<\/p>\n<p>Na segunda semana, os participantes ser\u00e3o divididos em atividades pr\u00e1ticas que v\u00e3o de modelagens computacionais usadas em estudos de filogenia e evolu\u00e7\u00e3o de v\u00edrus at\u00e9 sa\u00eddas de campo para a coleta e identifica\u00e7\u00e3o de mosquitos e de aves silvestres.<\/p>\n<p>Destaques<\/p>\n<p>Buscando uma abordagem compreensiva do tema, a programa\u00e7\u00e3o foi organizada em torno de tr\u00eas eixos: a biologia do mosquito vetor, a intera\u00e7\u00e3o do v\u00edrus com o sistema imune do hospedeiro e o estudo dos v\u00edrus propriamente ditos.<\/p>\n<p>A palestra de abertura ser\u00e1 proferida pelo professor Bob Tesh, da University of Texas Medical Branch, que apresentar\u00e1 uma contextualiza\u00e7\u00e3o hist\u00f3rica sobre as pesquisas em arbovirologia. Da mesma institui\u00e7\u00e3o estar\u00e1 presente o pesquisador Scott Weaver, refer\u00eancia mundial em chikungunya e Zika.<\/p>\n<p>Da \u00e1rea de virologia destaca-se ainda a bioqu\u00edmica Andrea Garmanik, pesquisadora da Fundaci\u00f3n Instituto Leloir, de Buenos Aires. Ela recebeu, em 2016, o Pr\u00eamio L\u2019Or\u00e9al-Unesco para Mulheres na Ci\u00eancia por seus estudos com a dengue. J\u00e1 o contexto africano dos arbov\u00edrus ser\u00e1 abordado pelo professor Amadou Alpha Sall, do Instituto Pasteur Dakar, no Senegal.<\/p>\n<p>\u201cO time de virologistas conta ainda com o pesquisador Gregory Ebel, da Colorado State University, nos Estados Unidos. Ele \u00e9 uma grande autoridade no v\u00edrus do Oeste do Nilo\u201d, destacou Nogueira.<\/p>\n<p>Entre os palestrantes dedicados a estudar a biologia de mosquitos do g\u00eanero Aedes, destacam-se George Dimopoulos, da Johns Hopkins University, nos Estados Unidos, e George Christophides, do Imperial College, no Reino Unido. H\u00e1 ainda o brasileiro Jayme Souza Neto, da Universidade Estadual Paulista (Unesp) em Botucatu, cujo projeto busca entender como o conjunto de bact\u00e9rias que coloniza o intestino do mosquito influencia a suscetibilidade do inseto ao v\u00edrus da dengue.<\/p>\n<p>\u201cJ\u00e1 na parte relacionada ao hospedeiro destaca-se o imunologista Mauro Teixeira, da Universidade Federal de Minas Gerais, e Ana Fernandez-Sesma, da Mount Sinai School of Medicine, em Nova Iork\u201d, informou Nogueira.<\/p>\n<p>O time de palestrantes brasileiros conta ainda com Paolo Zanotto, pesquisador do Instituto de Ci\u00eancias Biom\u00e9dicas (ICB) da USP e coordenador da Rede de Pesquisa sobre Zika V\u00edrus em S\u00e3o Paulo (Rede Zika).<\/p>\n","protected":false},"excerpt":{"rendered":"<p>Karina Toledo | Ag\u00eancia FAPESP \u2013 Est\u00e3o abertas at\u00e9 15 de mar\u00e7o as inscri\u00e7\u00f5es para a , que ser\u00e1 realizada na Faculdade de Medicina de S\u00e3o Jos\u00e9 do Rio Preto (Famerp), no interior de S\u00e3o Paulo, entre os dias 29 de maio e 9 de junho. Voltado principalmente a p\u00f3s-graduandos e p\u00f3s-doutorandos, o evento tem [&hellip;]<\/p>\n","protected":false},"author":2,"featured_media":40847,"comment_status":"open","ping_status":"closed","sticky":false,"template":"","format":"standard","meta":{"tdm_status":"","tdm_grid_status":"","footnotes":""},"categories":[22,351,370],"tags":[],"class_list":{"0":"post-108329","1":"post","2":"type-post","3":"status-publish","4":"format-standard","5":"has-post-thumbnail","7":"category-brasil","8":"category-cursos","9":"category-inscricao"},"_links":{"self":[{"href":"https:\/\/migracao.redenoticia.com.br\/noticia\/wp-json\/wp\/v2\/posts\/108329","targetHints":{"allow":["GET"]}}],"collection":[{"href":"https:\/\/migracao.redenoticia.com.br\/noticia\/wp-json\/wp\/v2\/posts"}],"about":[{"href":"https:\/\/migracao.redenoticia.com.br\/noticia\/wp-json\/wp\/v2\/types\/post"}],"author":[{"embeddable":true,"href":"https:\/\/migracao.redenoticia.com.br\/noticia\/wp-json\/wp\/v2\/users\/2"}],"replies":[{"embeddable":true,"href":"https:\/\/migracao.redenoticia.com.br\/noticia\/wp-json\/wp\/v2\/comments?post=108329"}],"version-history":[{"count":0,"href":"https:\/\/migracao.redenoticia.com.br\/noticia\/wp-json\/wp\/v2\/posts\/108329\/revisions"}],"wp:featuredmedia":[{"embeddable":true,"href":"https:\/\/migracao.redenoticia.com.br\/noticia\/wp-json\/wp\/v2\/media\/40847"}],"wp:attachment":[{"href":"https:\/\/migracao.redenoticia.com.br\/noticia\/wp-json\/wp\/v2\/media?parent=108329"}],"wp:term":[{"taxonomy":"category","embeddable":true,"href":"https:\/\/migracao.redenoticia.com.br\/noticia\/wp-json\/wp\/v2\/categories?post=108329"},{"taxonomy":"post_tag","embeddable":true,"href":"https:\/\/migracao.redenoticia.com.br\/noticia\/wp-json\/wp\/v2\/tags?post=108329"}],"curies":[{"name":"wp","href":"https:\/\/api.w.org\/{rel}","templated":true}]}}