{"id":108336,"date":"2017-03-07T00:38:32","date_gmt":"2017-03-07T03:38:32","guid":{"rendered":"http:\/\/www.redenoticia.com.br\/noticia\/?p=108336"},"modified":"2017-03-06T14:39:27","modified_gmt":"2017-03-06T17:39:27","slug":"inscricoes-abertas-para-novos-cursos-da-padaria-artesanal-do-fussesp","status":"publish","type":"post","link":"https:\/\/migracao.redenoticia.com.br\/noticia\/2017\/inscricoes-abertas-para-novos-cursos-da-padaria-artesanal-do-fussesp\/108336","title":{"rendered":"Inscri\u00e7\u00f5es abertas para novos cursos da Padaria Artesanal do Fussesp"},"content":{"rendered":"<p> Quem quiser aprender mais sobre confeitaria e panifica\u00e7\u00e3o, a <em><strong>Padaria Artesanal<\/strong><\/em>, projeto do Fundo Social de Solidariedade do Estado de S\u00e3o Paulo (Fussesp), est\u00e1 com inscri\u00e7\u00f5es abertas para quatro novos cursos, al\u00e9m do tradicional curso de 10 p\u00e3es artesanais.<\/p>\n<p>Os novos\u00a0cursos ser\u00e3o r\u00e1pidos e ter\u00e3o 8 horas de dura\u00e7\u00e3o. O aluno aprender\u00e1 a fazer p\u00e3o de mel (tradicional e integral e sonho assado); panetones (integral e tradicional) e colomba pascal; cookie gourmet e bem casado; e tortas (batata doce e frango) e quibe de biomassa. As aulas ser\u00e3o ministradas em m\u00f3dulos (um por dia) e acontecer\u00e3o todas as sextas-feiras na sede do Fundo Social, no Parque da \u00c1gua Branca, e na unidade no Pal\u00e1cio dos Bandeirantes.<\/p>\n<p>Para participar, os interessados devem ter mais de 16 anos de idade e precisam apresentar o certificado de conclus\u00e3o do curso b\u00e1sico da Padaria Artesanal. Mais informa\u00e7\u00f5es pelos telefones (11) 2193-8969\u00a0\/ (11) 2193-8446 ou pelo .<\/p>\n<p>Sobre a Padaria Artesanal<br \/>\nImplantada em junho de 2001, a Padaria Artesanal est\u00e1 presente em duas unidades pr\u00f3prias do Fundo Social, na capital, e em praticamente todos os munic\u00edpios do Estado de S\u00e3o Paulo por meio de conv\u00eanio com entidades sociais e Fundos Municipais.<\/p>\n<p>At\u00e9 o momento, foram entregues 1.390 kits da Padaria Artesanal, instalados no interior do Estado e em entidades sociais da capital. Neste mesmo per\u00edodo, foram qualificadas 92.592 pessoas.<\/p>\n<p>Do Portal do Governo SP<\/p>\n","protected":false},"excerpt":{"rendered":"<p>Quem quiser aprender mais sobre confeitaria e panifica\u00e7\u00e3o, a Padaria Artesanal, projeto do Fundo Social de Solidariedade do Estado de S\u00e3o Paulo (Fussesp), est\u00e1 com inscri\u00e7\u00f5es abertas para quatro novos cursos, al\u00e9m do tradicional curso de 10 p\u00e3es artesanais. Os novos\u00a0cursos ser\u00e3o r\u00e1pidos e ter\u00e3o 8 horas de dura\u00e7\u00e3o. O aluno aprender\u00e1 a fazer p\u00e3o [&hellip;]<\/p>\n","protected":false},"author":2,"featured_media":28951,"comment_status":"open","ping_status":"closed","sticky":false,"template":"","format":"standard","meta":{"tdm_status":"","tdm_grid_status":"","footnotes":""},"categories":[22,351,370],"tags":[],"class_list":{"0":"post-108336","1":"post","2":"type-post","3":"status-publish","4":"format-standard","5":"has-post-thumbnail","7":"category-brasil","8":"category-cursos","9":"category-inscricao"},"_links":{"self":[{"href":"https:\/\/migracao.redenoticia.com.br\/noticia\/wp-json\/wp\/v2\/posts\/108336","targetHints":{"allow":["GET"]}}],"collection":[{"href":"https:\/\/migracao.redenoticia.com.br\/noticia\/wp-json\/wp\/v2\/posts"}],"about":[{"href":"https:\/\/migracao.redenoticia.com.br\/noticia\/wp-json\/wp\/v2\/types\/post"}],"author":[{"embeddable":true,"href":"https:\/\/migracao.redenoticia.com.br\/noticia\/wp-json\/wp\/v2\/users\/2"}],"replies":[{"embeddable":true,"href":"https:\/\/migracao.redenoticia.com.br\/noticia\/wp-json\/wp\/v2\/comments?post=108336"}],"version-history":[{"count":0,"href":"https:\/\/migracao.redenoticia.com.br\/noticia\/wp-json\/wp\/v2\/posts\/108336\/revisions"}],"wp:featuredmedia":[{"embeddable":true,"href":"https:\/\/migracao.redenoticia.com.br\/noticia\/wp-json\/wp\/v2\/media\/28951"}],"wp:attachment":[{"href":"https:\/\/migracao.redenoticia.com.br\/noticia\/wp-json\/wp\/v2\/media?parent=108336"}],"wp:term":[{"taxonomy":"category","embeddable":true,"href":"https:\/\/migracao.redenoticia.com.br\/noticia\/wp-json\/wp\/v2\/categories?post=108336"},{"taxonomy":"post_tag","embeddable":true,"href":"https:\/\/migracao.redenoticia.com.br\/noticia\/wp-json\/wp\/v2\/tags?post=108336"}],"curies":[{"name":"wp","href":"https:\/\/api.w.org\/{rel}","templated":true}]}}