{"id":1084,"date":"2009-05-01T11:31:22","date_gmt":"2009-05-01T15:31:22","guid":{"rendered":"http:\/\/www.redenoticia.com.br\/noticia\/?p=1084"},"modified":"2009-05-01T11:34:38","modified_gmt":"2009-05-01T15:34:38","slug":"pec-exige-curso-para-candidatos","status":"publish","type":"post","link":"https:\/\/migracao.redenoticia.com.br\/noticia\/2009\/pec-exige-curso-para-candidatos\/1084","title":{"rendered":"PEC exige curso para candidatos"},"content":{"rendered":"<p class=\"MsoNormal\"><span style=\"font-family: Arial;\"><a href=\"https:\/\/migracao.redenoticia.com.br\/noticia\/imagens\/\/pec.jpg\"><img loading=\"lazy\" decoding=\"async\" class=\"alignleft size-thumbnail wp-image-1085\" title=\"pec\" src=\"https:\/\/migracao.redenoticia.com.br\/noticia\/imagens\/\/pec-148x112.jpg\" alt=\"pec\" width=\"148\" height=\"112\" \/><\/a><em>Veja a opini\u00e3o da reda\u00e7\u00e3o e comente esta not\u00edcia.<\/em><\/span><\/p>\n<p class=\"MsoNormal\"><span style=\"font-family: Arial;\">Abi-Ackel: &#8220;Verificamos, elei\u00e7\u00e3o ap\u00f3s elei\u00e7\u00e3o, uma baixa qualifica\u00e7\u00e3o dos gestores e legisladores municipais.&#8221;<\/span><\/p>\n<p class=\"MsoNormal\"><span style=\"font-family: Arial;\">A C\u00e2mara analisa a Proposta de Emenda \u00e0 Constitui\u00e7\u00e3o (PEC) 337\/09, do deputado Paulo Abi-Ackel (PSDB-MG), que estabelece a cria\u00e7\u00e3o, pelos estados, de escolas de forma\u00e7\u00e3o para candidatos a cargos eletivos municipais. O objetivo \u00e9 promover a capacita\u00e7\u00e3o t\u00e9cnica dos futuros candidatos.<\/span><\/p>\n<p>De acordo com o texto, as pessoas que desejarem se candidatar aos cargos de prefeito ou vereador dever\u00e3o fazer o curso, com dura\u00e7\u00e3o m\u00ednima de 200 horas\/aula. A proposta condiciona o registro da candidatura \u00e0 apresenta\u00e7\u00e3o de certificado fornecido pela escola de forma\u00e7\u00e3o.<\/p>\n<p>&#8220;Verificamos, elei\u00e7\u00e3o ap\u00f3s elei\u00e7\u00e3o, uma baixa qualifica\u00e7\u00e3o dos gestores e legisladores municipais. N\u00e3o \u00e9 raro que cidad\u00e3os sejam eleitos sem o completo conhecimento das atribui\u00e7\u00f5es que exercer\u00e3o ap\u00f3s a posse&#8221;, diz o parlamentar.<\/p>\n<p>A <strong><span style=\"color: windowtext;\">admissibilidade<\/span><\/strong> da PEC ser\u00e1 analisada pela Comiss\u00e3o de Constitui\u00e7\u00e3o e Justi\u00e7a e de Cidadania. Se aprovada, ser\u00e1 analisada por uma comiss\u00e3o especial e votada em dois turnos pelo Plen\u00e1rio.<\/p>\n<p class=\"MsoNormal\"><span style=\"font-family: Arial;\">Laycer Tomaz <\/span><\/p>\n<p class=\"MsoNormal\"><span style=\"font-family: Arial;\">&#8216;Ag\u00eancia C\u00e2mara&#8217;<\/span><\/p>\n<p class=\"MsoNormal\"><span style=\"font-family: Arial;\"><strong>Coment\u00e1rio: <\/strong>este curso deve incluir mat\u00e9rias constitucionais para evitar que vereadores e prefeitos aprovem leis que desrespeitam a carta magna e a democracia.<br \/>\n<\/span><\/p>\n","protected":false},"excerpt":{"rendered":"<p>Veja a opini\u00e3o da reda\u00e7\u00e3o e comente esta not\u00edcia. Abi-Ackel: &#8220;Verificamos, elei\u00e7\u00e3o ap\u00f3s elei\u00e7\u00e3o, uma baixa qualifica\u00e7\u00e3o dos gestores e legisladores municipais.&#8221; A C\u00e2mara analisa a Proposta de Emenda \u00e0 Constitui\u00e7\u00e3o (PEC) 337\/09, do deputado Paulo Abi-Ackel (PSDB-MG), que estabelece a cria\u00e7\u00e3o, pelos estados, de escolas de forma\u00e7\u00e3o para candidatos a cargos eletivos municipais. O [&hellip;]<\/p>\n","protected":false},"author":3,"featured_media":0,"comment_status":"open","ping_status":"open","sticky":false,"template":"","format":"standard","meta":{"tdm_status":"","tdm_grid_status":"","footnotes":""},"categories":[22],"tags":[],"class_list":{"0":"post-1084","1":"post","2":"type-post","3":"status-publish","4":"format-standard","6":"category-brasil"},"_links":{"self":[{"href":"https:\/\/migracao.redenoticia.com.br\/noticia\/wp-json\/wp\/v2\/posts\/1084","targetHints":{"allow":["GET"]}}],"collection":[{"href":"https:\/\/migracao.redenoticia.com.br\/noticia\/wp-json\/wp\/v2\/posts"}],"about":[{"href":"https:\/\/migracao.redenoticia.com.br\/noticia\/wp-json\/wp\/v2\/types\/post"}],"author":[{"embeddable":true,"href":"https:\/\/migracao.redenoticia.com.br\/noticia\/wp-json\/wp\/v2\/users\/3"}],"replies":[{"embeddable":true,"href":"https:\/\/migracao.redenoticia.com.br\/noticia\/wp-json\/wp\/v2\/comments?post=1084"}],"version-history":[{"count":0,"href":"https:\/\/migracao.redenoticia.com.br\/noticia\/wp-json\/wp\/v2\/posts\/1084\/revisions"}],"wp:attachment":[{"href":"https:\/\/migracao.redenoticia.com.br\/noticia\/wp-json\/wp\/v2\/media?parent=1084"}],"wp:term":[{"taxonomy":"category","embeddable":true,"href":"https:\/\/migracao.redenoticia.com.br\/noticia\/wp-json\/wp\/v2\/categories?post=1084"},{"taxonomy":"post_tag","embeddable":true,"href":"https:\/\/migracao.redenoticia.com.br\/noticia\/wp-json\/wp\/v2\/tags?post=1084"}],"curies":[{"name":"wp","href":"https:\/\/api.w.org\/{rel}","templated":true}]}}