{"id":108466,"date":"2017-03-07T16:33:38","date_gmt":"2017-03-07T19:33:38","guid":{"rendered":"http:\/\/www.redenoticia.com.br\/noticia\/?p=108466"},"modified":"2017-03-07T16:21:28","modified_gmt":"2017-03-07T19:21:28","slug":"resumo-novela-carinha-de-anjo-0803-zeca-vai-a-gravacao-com-as-irmas","status":"publish","type":"post","link":"https:\/\/migracao.redenoticia.com.br\/noticia\/2017\/resumo-novela-carinha-de-anjo-0803-zeca-vai-a-gravacao-com-as-irmas\/108466","title":{"rendered":"Resumo novela \u201cCarinha de Anjo\u201d 08\/03: Zeca vai \u00e0 grava\u00e7\u00e3o com as irm\u00e3s"},"content":{"rendered":"<p><img loading=\"lazy\" decoding=\"async\" class=\"alignleft size-thumbnail wp-image-99331\" src=\"https:\/\/migracao.redenoticia.com.br\/noticia\/imagens\/carinha_de_anjo_sbt_novela_resumo_capitulo-150x112.jpg\" alt=\"carinha_de_anjo_sbt_novela_resumo_capitulo\" width=\"150\" height=\"112\" srcset=\"https:\/\/migracao.redenoticia.com.br\/noticia\/imagens\/carinha_de_anjo_sbt_novela_resumo_capitulo-150x112.jpg 150w, https:\/\/migracao.redenoticia.com.br\/noticia\/imagens\/carinha_de_anjo_sbt_novela_resumo_capitulo-265x198.jpg 265w\" sizes=\"auto, (max-width: 150px) 100vw, 150px\" \/><strong><em>Resumo novela \u201cCarinha de Anjo\u201d 08\/03<\/em><\/strong>: no cap\u00edtulo 078 (*) da novela \u201cCarinha de Anjo\u201d, resumo de quarta-feira, 08 de mar\u00e7o, Ver\u00f4nica conta o que aconteceu para F\u00e1tima. A falsa assistente social chega \u00e0 casa de Rosana e come\u00e7a a incomod\u00e1-la com uma s\u00e9rie de perguntas. Fl\u00e1vio sai para tomar sorvete com F\u00e1tima. As irm\u00e3s se apresentam para as crian\u00e7as, como ensaio antes do concurso. A falsa assistente social vasculha a casa de Rosana e menciona uma den\u00fancia an\u00f4nima. F\u00e1tima quer saber mais sobre Fl\u00e1vio, que inventa tudo sobre sua vida. Estef\u00e2nia conversa com Ver\u00f4nica enquanto Vitor conversa com Gustavo. Eles tentam convenc\u00ea-los a dar o primeiro passo e pedir desculpas, mas ambos s\u00e3o orgulhosos. In\u00e1cio se preocupa com a tristeza de Zeca. Diana d\u00e1 a ideia de Zeca acompanhar as Irm\u00e3s no concurso. In\u00e1cio vai pedir para a Madre Superiora. Na manh\u00e3 seguinte a Madre convida Zeca para ir em uma grava\u00e7\u00e3o com elas.<\/p>\n<p>(*) edi\u00e7\u00e3o do SBT, Novela \u201cCarinha de Anjo\u201d, sujeito a altera\u00e7\u00e3o de data e conte\u00fado.<\/p>\n<p>Carinha de Anjo \u00e9 uma telenovela brasileira produzida e exibida originalmente pelo SBT desde o dia 21 de novembro de 2016, substituindo o hor\u00e1rio anteriormente ocupado por C\u00famplices de um Resgate. A telenovela \u00e9 inspirada na mexicana Carita de \u00e1ngel, que, por sua vez, \u00e9 um remake de Mundo de juguete, ambas produzidas pela Televisa e que haviam sido baseadas na trama argentina escrita por Abel Santa Cruz, Pap\u00e1 coraz\u00f3n. Esta ser\u00e1 a segunda adapta\u00e7\u00e3o brasileira da obra original argentina, visto que a Rede Tupi apresentou em 1976 a sua primeira vers\u00e3o, chamada de Papai Cora\u00e7\u00e3o. A nova vers\u00e3o \u00e9 escrita por Leonor Corr\u00eaa, com supervis\u00e3o de \u00cdris Abravanel e dire\u00e7\u00e3o geral de Ricardo Mantoanelli. A trama conta com Lorena Queiroz, Bia Arantes, Carlo Porto, Priscila Sol, Dani Gondim, Karin Hils, Eliana Guttman e Lucero nos pap\u00e9is principais.<\/p>\n","protected":false},"excerpt":{"rendered":"<p>Resumo novela \u201cCarinha de Anjo\u201d 08\/03: no cap\u00edtulo 078 (*) da novela \u201cCarinha de Anjo\u201d, resumo de quarta-feira, 08 de mar\u00e7o, Ver\u00f4nica conta o que aconteceu para F\u00e1tima. A falsa assistente social chega \u00e0 casa de Rosana e come\u00e7a a incomod\u00e1-la com uma s\u00e9rie de perguntas. Fl\u00e1vio sai para tomar sorvete com F\u00e1tima. As irm\u00e3s [&hellip;]<\/p>\n","protected":false},"author":4,"featured_media":99331,"comment_status":"open","ping_status":"closed","sticky":false,"template":"","format":"standard","meta":{"tdm_status":"","tdm_grid_status":"","footnotes":""},"categories":[452,379,372,343],"tags":[441],"class_list":{"0":"post-108466","1":"post","2":"type-post","3":"status-publish","4":"format-standard","5":"has-post-thumbnail","7":"category-carinha-de-anjo","8":"category-novelas","9":"category-sbt","10":"category-televisao","11":"tag-resumo-do-dia"},"_links":{"self":[{"href":"https:\/\/migracao.redenoticia.com.br\/noticia\/wp-json\/wp\/v2\/posts\/108466","targetHints":{"allow":["GET"]}}],"collection":[{"href":"https:\/\/migracao.redenoticia.com.br\/noticia\/wp-json\/wp\/v2\/posts"}],"about":[{"href":"https:\/\/migracao.redenoticia.com.br\/noticia\/wp-json\/wp\/v2\/types\/post"}],"author":[{"embeddable":true,"href":"https:\/\/migracao.redenoticia.com.br\/noticia\/wp-json\/wp\/v2\/users\/4"}],"replies":[{"embeddable":true,"href":"https:\/\/migracao.redenoticia.com.br\/noticia\/wp-json\/wp\/v2\/comments?post=108466"}],"version-history":[{"count":0,"href":"https:\/\/migracao.redenoticia.com.br\/noticia\/wp-json\/wp\/v2\/posts\/108466\/revisions"}],"wp:featuredmedia":[{"embeddable":true,"href":"https:\/\/migracao.redenoticia.com.br\/noticia\/wp-json\/wp\/v2\/media\/99331"}],"wp:attachment":[{"href":"https:\/\/migracao.redenoticia.com.br\/noticia\/wp-json\/wp\/v2\/media?parent=108466"}],"wp:term":[{"taxonomy":"category","embeddable":true,"href":"https:\/\/migracao.redenoticia.com.br\/noticia\/wp-json\/wp\/v2\/categories?post=108466"},{"taxonomy":"post_tag","embeddable":true,"href":"https:\/\/migracao.redenoticia.com.br\/noticia\/wp-json\/wp\/v2\/tags?post=108466"}],"curies":[{"name":"wp","href":"https:\/\/api.w.org\/{rel}","templated":true}]}}