{"id":108532,"date":"2017-03-08T16:33:08","date_gmt":"2017-03-08T19:33:08","guid":{"rendered":"http:\/\/www.redenoticia.com.br\/noticia\/?p=108532"},"modified":"2017-03-08T14:47:06","modified_gmt":"2017-03-08T17:47:06","slug":"resumo-novela-carinha-de-anjo-0903-irmas-conhecem-o-palco-do-programa-do-ratinho","status":"publish","type":"post","link":"https:\/\/migracao.redenoticia.com.br\/noticia\/2017\/resumo-novela-carinha-de-anjo-0903-irmas-conhecem-o-palco-do-programa-do-ratinho\/108532","title":{"rendered":"Resumo novela \u201cCarinha de Anjo\u201d 09\/03: Irm\u00e3s conhecem o palco do Programa do Ratinho"},"content":{"rendered":"<p><img loading=\"lazy\" decoding=\"async\" class=\"alignleft size-thumbnail wp-image-99331\" src=\"https:\/\/migracao.redenoticia.com.br\/noticia\/imagens\/carinha_de_anjo_sbt_novela_resumo_capitulo-150x112.jpg\" alt=\"carinha_de_anjo_sbt_novela_resumo_capitulo\" width=\"150\" height=\"112\" srcset=\"https:\/\/migracao.redenoticia.com.br\/noticia\/imagens\/carinha_de_anjo_sbt_novela_resumo_capitulo-150x112.jpg 150w, https:\/\/migracao.redenoticia.com.br\/noticia\/imagens\/carinha_de_anjo_sbt_novela_resumo_capitulo-265x198.jpg 265w\" sizes=\"auto, (max-width: 150px) 100vw, 150px\" \/><strong><em>Resumo novela \u201cCarinha de Anjo\u201d 09\/03<\/em><\/strong>: no cap\u00edtulo 079 (*) da novela \u201cCarinha de Anjo\u201d, resumo de quinta-feira, 09 de mar\u00e7o, a van do SBT chega ao col\u00e9gio Doce Horizonte para buscar as irm\u00e3s, Zeca, Padre Gabriel e Madre Superiora para o concurso de coral do Programa do Ratinho. Diana fica com as crian\u00e7as no col\u00e9gio e ensina elas a plantar sementes. Franciely consegue uma folga do trabalho com Silvestre. Ele critica as roupas utilizadas por ela. As irm\u00e3s cantam na van e ao chegar no SBT ficam encantadas. As religiosas s\u00e3o recebidas pelo produtor do programa (Felipe Ventura). Peixoto vai at\u00e9 a casa de Haydee. In\u00e1cio conversa com seu amigo, o cantor sertanejo Goianio Neto (Saulo Vasconcelos). Goianio diz que dupla sertaneja com crian\u00e7as transmite carisma e ajudaria ele a fazer sucesso. Madre Superiora est\u00e1 ansiosa para conhecer pessoalmente Ratinho, mas fica aflita ao saber que talvez n\u00e3o tenha tempo. Gioanio diz para In\u00e1cio incentivar Z\u00e9 Felipe a cantar ao lado de Zeca e garante que irm\u00e3os juntos \u00e9 sempre sucesso. Irm\u00e3s v\u00e3o conhecer o palco do Programa do Ratinho. A falsa assistente social cobra Fl\u00e1vio e diz que se ele n\u00e3o lhe pagar ela v\u00e3o contar a verdade. Fl\u00e1vio consegue se entender com a vigarista e aumentar o pacote do golpe. Madre Superiora acha um absurdo a roupa das bailarinas e pensa em ir embora. A presen\u00e7a de Valentina, Pavor\u00f4 e Renata chamam a aten\u00e7\u00e3o. Valentina abra\u00e7a a Madre Superiora, que fica sem gra\u00e7a e critica a roupa delas com o Padre. Madre repete que ou as dan\u00e7arinas deixam o palco ou n\u00e3o haver\u00e1 apresenta\u00e7\u00e3o.<\/p>\n<p>(*) edi\u00e7\u00e3o do SBT, Novela \u201cCarinha de Anjo\u201d, sujeito a altera\u00e7\u00e3o de data e conte\u00fado.<\/p>\n<p>Carinha de Anjo \u00e9 uma telenovela brasileira produzida e exibida originalmente pelo SBT desde o dia 21 de novembro de 2016, substituindo o hor\u00e1rio anteriormente ocupado por C\u00famplices de um Resgate. A telenovela \u00e9 inspirada na mexicana Carita de \u00e1ngel, que, por sua vez, \u00e9 um remake de Mundo de juguete, ambas produzidas pela Televisa e que haviam sido baseadas na trama argentina escrita por Abel Santa Cruz, Pap\u00e1 coraz\u00f3n. Esta ser\u00e1 a segunda adapta\u00e7\u00e3o brasileira da obra original argentina, visto que a Rede Tupi apresentou em 1976 a sua primeira vers\u00e3o, chamada de Papai Cora\u00e7\u00e3o. A nova vers\u00e3o \u00e9 escrita por Leonor Corr\u00eaa, com supervis\u00e3o de \u00cdris Abravanel e dire\u00e7\u00e3o geral de Ricardo Mantoanelli. A trama conta com Lorena Queiroz, Bia Arantes, Carlo Porto, Priscila Sol, Dani Gondim, Karin Hils, Eliana Guttman e Lucero nos pap\u00e9is principais.<\/p>\n","protected":false},"excerpt":{"rendered":"<p>Resumo novela \u201cCarinha de Anjo\u201d 09\/03: no cap\u00edtulo 079 (*) da novela \u201cCarinha de Anjo\u201d, resumo de quinta-feira, 09 de mar\u00e7o, a van do SBT chega ao col\u00e9gio Doce Horizonte para buscar as irm\u00e3s, Zeca, Padre Gabriel e Madre Superiora para o concurso de coral do Programa do Ratinho. Diana fica com as crian\u00e7as no [&hellip;]<\/p>\n","protected":false},"author":4,"featured_media":99331,"comment_status":"open","ping_status":"closed","sticky":false,"template":"","format":"standard","meta":{"tdm_status":"","tdm_grid_status":"","footnotes":""},"categories":[452,379,372,343],"tags":[441],"class_list":{"0":"post-108532","1":"post","2":"type-post","3":"status-publish","4":"format-standard","5":"has-post-thumbnail","7":"category-carinha-de-anjo","8":"category-novelas","9":"category-sbt","10":"category-televisao","11":"tag-resumo-do-dia"},"_links":{"self":[{"href":"https:\/\/migracao.redenoticia.com.br\/noticia\/wp-json\/wp\/v2\/posts\/108532","targetHints":{"allow":["GET"]}}],"collection":[{"href":"https:\/\/migracao.redenoticia.com.br\/noticia\/wp-json\/wp\/v2\/posts"}],"about":[{"href":"https:\/\/migracao.redenoticia.com.br\/noticia\/wp-json\/wp\/v2\/types\/post"}],"author":[{"embeddable":true,"href":"https:\/\/migracao.redenoticia.com.br\/noticia\/wp-json\/wp\/v2\/users\/4"}],"replies":[{"embeddable":true,"href":"https:\/\/migracao.redenoticia.com.br\/noticia\/wp-json\/wp\/v2\/comments?post=108532"}],"version-history":[{"count":0,"href":"https:\/\/migracao.redenoticia.com.br\/noticia\/wp-json\/wp\/v2\/posts\/108532\/revisions"}],"wp:featuredmedia":[{"embeddable":true,"href":"https:\/\/migracao.redenoticia.com.br\/noticia\/wp-json\/wp\/v2\/media\/99331"}],"wp:attachment":[{"href":"https:\/\/migracao.redenoticia.com.br\/noticia\/wp-json\/wp\/v2\/media?parent=108532"}],"wp:term":[{"taxonomy":"category","embeddable":true,"href":"https:\/\/migracao.redenoticia.com.br\/noticia\/wp-json\/wp\/v2\/categories?post=108532"},{"taxonomy":"post_tag","embeddable":true,"href":"https:\/\/migracao.redenoticia.com.br\/noticia\/wp-json\/wp\/v2\/tags?post=108532"}],"curies":[{"name":"wp","href":"https:\/\/api.w.org\/{rel}","templated":true}]}}