{"id":108534,"date":"2017-03-08T16:34:11","date_gmt":"2017-03-08T19:34:11","guid":{"rendered":"http:\/\/www.redenoticia.com.br\/noticia\/?p=108534"},"modified":"2017-03-08T14:49:27","modified_gmt":"2017-03-08T17:49:27","slug":"resumo-novela-chiquititas-0903-tobias-flagra-armando-beijar-cintia","status":"publish","type":"post","link":"https:\/\/migracao.redenoticia.com.br\/noticia\/2017\/resumo-novela-chiquititas-0903-tobias-flagra-armando-beijar-cintia\/108534","title":{"rendered":"Resumo novela \u201cChiquititas\u201d 09\/03: Tobias flagra Armando beijar Cintia"},"content":{"rendered":"<p><img loading=\"lazy\" decoding=\"async\" class=\"alignleft size-thumbnail wp-image-49690\" src=\"https:\/\/migracao.redenoticia.com.br\/noticia\/imagens\/chiquititas1-150x112.jpg\" alt=\"chiquititas\" width=\"150\" height=\"112\" \/><strong><em>Resumo novela \u201cChiquititas\u201d 09\/03<\/em><\/strong>: no cap\u00edtulo 128 (*) da novela \u201cChiquititas\u201d, resumo de quinta-feira, 09 de mar\u00e7o, no orfanato, as crian\u00e7as conversam sobre o sumi\u00e7o dos pertences do lugar. No mesmo momento, Cris percebe que seu celular tamb\u00e9m sumiu. Os \u00f3rf\u00e3os acham todas as coisas na casa da Pipoca e brigam com a mascote. Na diretoria, Cintia e Carmen conversam sobre a reforma no local. A megera diz para a mo\u00e7a que viu o mapa da casa e percebeu que em alguns c\u00f4modos a diretora havia marcado um X, a mo\u00e7a desconversa. No mesmo momento, Ana e Tati entram na sala e avisam que Pipoca estava roubando v\u00e1rias coisas e que inclusive deve ser a culpada pelo sumi\u00e7o da carteira de Carmen. Na mans\u00e3o, Junior conversa com Duda e o mauricinho confessa que teve essa atitude por gostar de Mili e querer afast\u00e1-la de Mosca. Carmen chega \u00e0 mans\u00e3o e avisa aos dois que as crian\u00e7as culparam Pipoca pelo roubo da carteira. No orfanato, Mosca conta a todos sobre tudo o que passou no reformat\u00f3rio. O pequenino fala a todos que Pa\u00e7oca e seus amigos estavam l\u00e1 e o amea\u00e7aram o tempo todo. Ernestina chega no quarto e coloca todos para dormir. A zeladora avisa que um casal ir\u00e1 visita-los. No quarto das meninas, as chiquititas pensam em uma forma de pedir desculpas para Ernestina. No mesmo momento, a zeladora entra no local e expulsa Pipoca do quarto. Tati e Ana ficam zangadas com a atitude da funcionaria. Clipe: Sinais. No Caf\u00e9 Boutique, \u00c9rica sugere que os funcion\u00e1rios fa\u00e7am um happy hour. Clarita n\u00e3o aceita e diz que ela e Beto j\u00e1 t\u00eam um compromisso. \u00c9rica convida Tobias, mas o barista diz que precisa continuar na loja trabalhando. A mo\u00e7a oferece ajuda, mas Tobias diz n\u00e3o precisar. Na sala de Armando, Cintia conta para o rapaz que Ernestina escutou a conversa sobre o tesouro. A diretora demonstra preocupa\u00e7\u00e3o e Armando aconselha a mo\u00e7a mandar a funcionara embora. Cintia se prepara para ir embora e o rapaz a surpreende com um beijo. No mesmo momento, Tobias entra na sala e presencia a cena. Desesperada, a mo\u00e7a fala para Armando ir atr\u00e1s do barista e resolver a situa\u00e7\u00e3o. Armando amea\u00e7a Tobias e diz a ele que sabe que Tom\u00e1s Ferraz, \u00e9 um personagem que ele faz. Tobias descobre que Armando chantageou Maria Cec\u00edlia por saber de toda a verdade do suposto cantor portugu\u00eas. Armando manda o barista guardar segredo sobre o que viu e ele nunca contar\u00e1 a verdade de Tom\u00e1s Ferraz. No orfanato, as crian\u00e7as esperam o casal que ir\u00e1 visita-los. Ver\u00f4nica e Edgar chegam ao local e as crian\u00e7as notam o bom humor dos dois. Cintia leva o casal para a sua sala e a diretora perde a paci\u00eancia com as brincadeiras dos dois. O casal diz que quer adotar uma crian\u00e7a com um \u00f3timo senso de humor. Ana, Bia e Cris escutam a conversa atr\u00e1s da porta. Bia percebe o perfil das crian\u00e7as que Ver\u00f4nica e Edgar querem adotar e conta para todos. Em sua casa, Maria Cec\u00edlia faz as contas e percebe que n\u00e3o conseguir\u00e1 pagar todas as d\u00edvidas do m\u00eas. Eduarda culpa a filha de n\u00e3o ter conseguido um emprego e as duas come\u00e7am a discutir. Ao se ver sozinha, a socialite resolve ligar para Tom\u00e1s Ferraz, que na verdade \u00e9 Tobias. A ex-modelo fala ao suposto cantor portugu\u00eas que a situa\u00e7\u00e3o financeira dela e da filha n\u00e3o est\u00e1 bem. Eduarda pede para o rapaz indicar Maria Cec\u00edlia para algum trabalho. Ao desligar o telefone, Tobias pensa que pode ser uma forma de deixar a mo\u00e7a feliz.<\/p>\n<p>(*) edi\u00e7\u00e3o do SBT, Novela \u201cChiquititas\u201d, sujeito a altera\u00e7\u00e3o de data e conte\u00fado.<\/p>\n<p>Chiquititas gira em torno do orfanato Raio de Luz, que carrega em sua hist\u00f3ria um grande segredo envolvendo a fam\u00edlia e o dono do orfanato, Dr. Jos\u00e9 Ricardo Almeida Campos. Em um per\u00edodo anterior \u00e0 novela, exatos treze anos, sua filha Gabriela se apaixonou e ficou gr\u00e1vida de Miguel, filho de Valentina, empregada da casa dos Almeida Campos. Pouco depois, Jos\u00e9 Ricardo sequestrou sua neta, pois, como um homem conservador, ele n\u00e3o aceitava a ideia de que sua filha se envolvesse com um empregado. Como sua neta, Milena, apelidada como Mili, precisava de um lugar para morar, ele comprou um casar\u00e3o e fundou um orfanato, o Raio de Luz. Mili cresceu l\u00e1 com outras garotas que chegaram posteriormente: Bia, Ana, as irm\u00e3s Tati e Vivi, e Cris. Ao decorrer dos anos, elas se tornam uma fam\u00edlia. Elas s\u00e3o supervisionadas por Ernestina, zeladora do orfanato, e Chico, o cozinheiro amado pelas internas. Sofia, ex-governanta da fam\u00edlia Almeida Campos, \u00e9 a diretora do lugar, at\u00e9 que Carmem, irm\u00e3 de Jos\u00e9 Ricardo, entre em seu lugar. Chegam ainda mais \u00f3rf\u00e3os: Pata, Mosca, Binho e Rafa, que viviam nas ruas antes de entrarem na institui\u00e7\u00e3o. Pata e Mili tornam-se amigas rapidamente, enquanto Mosca, Binho e Rafa s\u00e3o os primeiros garotos a entrar no abrigo. As crian\u00e7as sem-teto foram ajudadas por uma doce e bela garota que tocam e mudam a vida delas, assim como as das garotas \u00f3rf\u00e3s.<\/p>\n","protected":false},"excerpt":{"rendered":"<p>Resumo novela \u201cChiquititas\u201d 09\/03: no cap\u00edtulo 128 (*) da novela \u201cChiquititas\u201d, resumo de quinta-feira, 09 de mar\u00e7o, no orfanato, as crian\u00e7as conversam sobre o sumi\u00e7o dos pertences do lugar. No mesmo momento, Cris percebe que seu celular tamb\u00e9m sumiu. Os \u00f3rf\u00e3os acham todas as coisas na casa da Pipoca e brigam com a mascote. Na [&hellip;]<\/p>\n","protected":false},"author":4,"featured_media":49690,"comment_status":"open","ping_status":"closed","sticky":false,"template":"","format":"standard","meta":{"tdm_status":"","tdm_grid_status":"","footnotes":""},"categories":[409,379,372,343],"tags":[441],"class_list":{"0":"post-108534","1":"post","2":"type-post","3":"status-publish","4":"format-standard","5":"has-post-thumbnail","7":"category-chiquititas","8":"category-novelas","9":"category-sbt","10":"category-televisao","11":"tag-resumo-do-dia"},"_links":{"self":[{"href":"https:\/\/migracao.redenoticia.com.br\/noticia\/wp-json\/wp\/v2\/posts\/108534","targetHints":{"allow":["GET"]}}],"collection":[{"href":"https:\/\/migracao.redenoticia.com.br\/noticia\/wp-json\/wp\/v2\/posts"}],"about":[{"href":"https:\/\/migracao.redenoticia.com.br\/noticia\/wp-json\/wp\/v2\/types\/post"}],"author":[{"embeddable":true,"href":"https:\/\/migracao.redenoticia.com.br\/noticia\/wp-json\/wp\/v2\/users\/4"}],"replies":[{"embeddable":true,"href":"https:\/\/migracao.redenoticia.com.br\/noticia\/wp-json\/wp\/v2\/comments?post=108534"}],"version-history":[{"count":0,"href":"https:\/\/migracao.redenoticia.com.br\/noticia\/wp-json\/wp\/v2\/posts\/108534\/revisions"}],"wp:featuredmedia":[{"embeddable":true,"href":"https:\/\/migracao.redenoticia.com.br\/noticia\/wp-json\/wp\/v2\/media\/49690"}],"wp:attachment":[{"href":"https:\/\/migracao.redenoticia.com.br\/noticia\/wp-json\/wp\/v2\/media?parent=108534"}],"wp:term":[{"taxonomy":"category","embeddable":true,"href":"https:\/\/migracao.redenoticia.com.br\/noticia\/wp-json\/wp\/v2\/categories?post=108534"},{"taxonomy":"post_tag","embeddable":true,"href":"https:\/\/migracao.redenoticia.com.br\/noticia\/wp-json\/wp\/v2\/tags?post=108534"}],"curies":[{"name":"wp","href":"https:\/\/api.w.org\/{rel}","templated":true}]}}