{"id":108538,"date":"2017-03-08T16:36:09","date_gmt":"2017-03-08T19:36:09","guid":{"rendered":"http:\/\/www.redenoticia.com.br\/noticia\/?p=108538"},"modified":"2017-03-09T00:06:11","modified_gmt":"2017-03-09T03:06:11","slug":"resumo-novela-malhacao-0903-joana-nao-quer-conversa-com-ricardo","status":"publish","type":"post","link":"https:\/\/migracao.redenoticia.com.br\/noticia\/2017\/resumo-novela-malhacao-0903-joana-nao-quer-conversa-com-ricardo\/108538","title":{"rendered":"Resumo novela \u201cMalha\u00e7\u00e3o\u201d 10\/03: Joana n\u00e3o quer conversa com Ricardo"},"content":{"rendered":"<p><img loading=\"lazy\" decoding=\"async\" class=\"alignleft size-thumbnail wp-image-91715\" src=\"https:\/\/migracao.redenoticia.com.br\/noticia\/imagens\/malhacao_pro_dia_nascer_feliz_resumo_novela-150x112.jpg\" alt=\"malhacao_pro_dia_nascer_feliz_resumo_novela\" width=\"150\" height=\"112\" srcset=\"https:\/\/migracao.redenoticia.com.br\/noticia\/imagens\/malhacao_pro_dia_nascer_feliz_resumo_novela-150x112.jpg 150w, https:\/\/migracao.redenoticia.com.br\/noticia\/imagens\/malhacao_pro_dia_nascer_feliz_resumo_novela-265x198.jpg 265w\" sizes=\"auto, (max-width: 150px) 100vw, 150px\" \/><strong><em>Resumo novela \u201cMalha\u00e7\u00e3o\u201d 10\/03<\/em><\/strong>: no cap\u00edtulo 143 (*) da novela \u201cMalha\u00e7\u00e3o\u201d, resumo de sexta-feira, 10 de mar\u00e7o, Joana n\u00e3o explica a Ricardo sua irrita\u00e7\u00e3o. Caio chega para a festa de Luiza. J\u00e9ssica aconselha Nanda sobre Renato. Sula presenteia Krica, Cleyiton e R\u00f4mulo. Lucas canta uma m\u00fasica especial para Luiza, e Juliana conforta Martinha. Ricardo conta a T\u00e2nia que Joana n\u00e3o quer mais falar com ele. Cl\u00e9o passa mal novamente e aceita dormir na casa de Gabriel. B\u00e1rbara se incomoda com Cl\u00e9o. Arthur fica constrangido com a amizade entre J\u00falia e Belinha. R\u00f4mulo admite que sentiu falta de Sula. Joana afirma a T\u00e2nia que Ricardo n\u00e3o \u00e9 um homem correto.<\/p>\n<p>(*) edi\u00e7\u00e3o da Rede Globo, Novela \u201cMalha\u00e7\u00e3o\u201d, sujeito a altera\u00e7\u00e3o de data e conte\u00fado.<\/p>\n<p>A vig\u00e9sima quarta temporada da s\u00e9rie de televis\u00e3o brasileira Malha\u00e7\u00e3o (tamb\u00e9m chamada de Malha\u00e7\u00e3o: Pro Dia Nascer Feliz ou Malha\u00e7\u00e3o 2016), \u00e9 produzida pela Rede Globo e transmitida desde 22 de agosto de 2016. \u00c9 escrita por Emanuel Jacobina, com a colabora\u00e7\u00e3o de Cristiane Dantas, Rodrigo Salom\u00e3o, Juliana Peres, Dino Cantelli, Z\u00e9 Dassilva, Anna Lee e Bruna Paix\u00e3o, dire\u00e7\u00e3o de Mariana Richard e Marco Rodrigo, dire\u00e7\u00e3o geral de Adriano Melo e dire\u00e7\u00e3o art\u00edstica de Leonardo Nogueira. Nesta temporada, escrita pelo autor das duas primeiras temporadas, o n\u00facleo volta a ser uma academia, tendo Aline Dias e Felipe Roque como casal principal da trama. Deborah Secco, Marcos Pasquim, Ricardo Vianna, Amanda de Godoi, Giulia Gayoso, Juliano Laham, Laryssa Ayres, S\u00e9rgio Malheiros, Cynthia Senek, Nego do Borel, Louise Cardoso, Joana Fomm, Oscar Magrini, Malu Falangola, Thiago Fragoso e Barbara Fran\u00e7a interpretam os demais pap\u00e9is centrais da hist\u00f3ria.<\/p>\n","protected":false},"excerpt":{"rendered":"<p>Resumo novela \u201cMalha\u00e7\u00e3o\u201d 10\/03: no cap\u00edtulo 143 (*) da novela \u201cMalha\u00e7\u00e3o\u201d, resumo de sexta-feira, 10 de mar\u00e7o, Joana n\u00e3o explica a Ricardo sua irrita\u00e7\u00e3o. Caio chega para a festa de Luiza. J\u00e9ssica aconselha Nanda sobre Renato. Sula presenteia Krica, Cleyiton e R\u00f4mulo. Lucas canta uma m\u00fasica especial para Luiza, e Juliana conforta Martinha. Ricardo conta [&hellip;]<\/p>\n","protected":false},"author":4,"featured_media":91715,"comment_status":"open","ping_status":"closed","sticky":false,"template":"","format":"standard","meta":{"tdm_status":"","tdm_grid_status":"","footnotes":""},"categories":[447,379,375,343],"tags":[441],"class_list":{"0":"post-108538","1":"post","2":"type-post","3":"status-publish","4":"format-standard","5":"has-post-thumbnail","7":"category-malhacao","8":"category-novelas","9":"category-rede-globo","10":"category-televisao","11":"tag-resumo-do-dia"},"_links":{"self":[{"href":"https:\/\/migracao.redenoticia.com.br\/noticia\/wp-json\/wp\/v2\/posts\/108538","targetHints":{"allow":["GET"]}}],"collection":[{"href":"https:\/\/migracao.redenoticia.com.br\/noticia\/wp-json\/wp\/v2\/posts"}],"about":[{"href":"https:\/\/migracao.redenoticia.com.br\/noticia\/wp-json\/wp\/v2\/types\/post"}],"author":[{"embeddable":true,"href":"https:\/\/migracao.redenoticia.com.br\/noticia\/wp-json\/wp\/v2\/users\/4"}],"replies":[{"embeddable":true,"href":"https:\/\/migracao.redenoticia.com.br\/noticia\/wp-json\/wp\/v2\/comments?post=108538"}],"version-history":[{"count":0,"href":"https:\/\/migracao.redenoticia.com.br\/noticia\/wp-json\/wp\/v2\/posts\/108538\/revisions"}],"wp:featuredmedia":[{"embeddable":true,"href":"https:\/\/migracao.redenoticia.com.br\/noticia\/wp-json\/wp\/v2\/media\/91715"}],"wp:attachment":[{"href":"https:\/\/migracao.redenoticia.com.br\/noticia\/wp-json\/wp\/v2\/media?parent=108538"}],"wp:term":[{"taxonomy":"category","embeddable":true,"href":"https:\/\/migracao.redenoticia.com.br\/noticia\/wp-json\/wp\/v2\/categories?post=108538"},{"taxonomy":"post_tag","embeddable":true,"href":"https:\/\/migracao.redenoticia.com.br\/noticia\/wp-json\/wp\/v2\/tags?post=108538"}],"curies":[{"name":"wp","href":"https:\/\/api.w.org\/{rel}","templated":true}]}}