{"id":108582,"date":"2017-03-09T00:21:14","date_gmt":"2017-03-09T03:21:14","guid":{"rendered":"http:\/\/www.redenoticia.com.br\/noticia\/?p=108582"},"modified":"2017-03-08T20:22:19","modified_gmt":"2017-03-08T23:22:19","slug":"anvisa-aprova-resolucao-que-proibe-venda-de-termometro-com-mercurio","status":"publish","type":"post","link":"https:\/\/migracao.redenoticia.com.br\/noticia\/2017\/anvisa-aprova-resolucao-que-proibe-venda-de-termometro-com-mercurio\/108582","title":{"rendered":"Anvisa aprova resolu\u00e7\u00e3o que pro\u00edbe venda de term\u00f4metro com merc\u00fario"},"content":{"rendered":"<p> A Ag\u00eancia Nacional de Vigil\u00e2ncia Sanit\u00e1ria (Anvisa) aprovou uma resolu\u00e7\u00e3o que pro\u00edbe a comercializa\u00e7\u00e3o de term\u00f4metros e aparelhos de medir press\u00e3o que utilizam merc\u00fario. A medida vale a partir de 2019. De acordo com a Anvisa, a proposta de proibir o uso desses equipamentos no pa\u00eds faz parte do compromisso do Brasil de banir <strong><em>produtos com merc\u00fario<\/em><\/strong> at\u00e9 2020.<\/p>\n<p>Os aparelhos t\u00eam uma coluna transparente, contendo merc\u00fario no interior, com a finalidade de aferir valores de temperatura corporal (no caso do term\u00f4metro) e press\u00e3o arterial (no caso do esfigmoman\u00f4metro).<\/p>\n<p>Em junho do ano passado, a ag\u00eancia abriu consulta p\u00fablica sobre o tema. Na ocasi\u00e3o, a ag\u00eancia destacou o compromisso firmado com a Conven\u00e7\u00e3o de Minamata, onde 140 pa\u00edses, inclu\u00eddo o Brasil, se comprometeram com o controle do uso e redu\u00e7\u00e3o de emiss\u00f5es e libera\u00e7\u00f5es do merc\u00fario para a natureza. A Anvisa destaca que no mercado j\u00e1 existem os term\u00f4metros e medidores de press\u00e3o digitais, alternativos aos com a coluna de merc\u00fario.<\/p>\n<p>Term\u00f4metros mais caros<\/p>\n<p>A reportagem da Ag\u00eancia Brasil entrou em contato com duas redes de farm\u00e1cias. Uma delas j\u00e1 n\u00e3o comercializa mais o term\u00f4metro de merc\u00fario. Na farm\u00e1cia que comercializa ambos, o term\u00f4metro digital custa quase o dobro daquele feito com coluna de merc\u00fario. O primeiro custa R$ 19,90 e o segundo R$ 10. O aparelho digital, que funciona alimentado por uma bateria, tem a vida \u00fatil mais curta que o term\u00f4metro feito de merc\u00fario que, se n\u00e3o sofrer quedas, pode durar, como disse o pr\u00f3prio vendedor ao rep\u00f3rter, \u201ca vida toda\u201d.<\/p>\n<p>Marcelo Brand\u00e3o &#8211; Rep\u00f3rter da Ag\u00eancia Brasil<br \/>\nEdi\u00e7\u00e3o: Amanda Cieglinski<br \/>\n09\/03\/2017<\/p>\n","protected":false},"excerpt":{"rendered":"<p>A Ag\u00eancia Nacional de Vigil\u00e2ncia Sanit\u00e1ria (Anvisa) aprovou uma resolu\u00e7\u00e3o que pro\u00edbe a comercializa\u00e7\u00e3o de term\u00f4metros e aparelhos de medir press\u00e3o que utilizam merc\u00fario. A medida vale a partir de 2019. De acordo com a Anvisa, a proposta de proibir o uso desses equipamentos no pa\u00eds faz parte do compromisso do Brasil de banir produtos [&hellip;]<\/p>\n","protected":false},"author":2,"featured_media":37376,"comment_status":"open","ping_status":"closed","sticky":false,"template":"","format":"standard","meta":{"tdm_status":"","tdm_grid_status":"","footnotes":""},"categories":[22,5],"tags":[],"class_list":{"0":"post-108582","1":"post","2":"type-post","3":"status-publish","4":"format-standard","5":"has-post-thumbnail","7":"category-brasil","8":"category-saude-e-vida"},"_links":{"self":[{"href":"https:\/\/migracao.redenoticia.com.br\/noticia\/wp-json\/wp\/v2\/posts\/108582","targetHints":{"allow":["GET"]}}],"collection":[{"href":"https:\/\/migracao.redenoticia.com.br\/noticia\/wp-json\/wp\/v2\/posts"}],"about":[{"href":"https:\/\/migracao.redenoticia.com.br\/noticia\/wp-json\/wp\/v2\/types\/post"}],"author":[{"embeddable":true,"href":"https:\/\/migracao.redenoticia.com.br\/noticia\/wp-json\/wp\/v2\/users\/2"}],"replies":[{"embeddable":true,"href":"https:\/\/migracao.redenoticia.com.br\/noticia\/wp-json\/wp\/v2\/comments?post=108582"}],"version-history":[{"count":0,"href":"https:\/\/migracao.redenoticia.com.br\/noticia\/wp-json\/wp\/v2\/posts\/108582\/revisions"}],"wp:featuredmedia":[{"embeddable":true,"href":"https:\/\/migracao.redenoticia.com.br\/noticia\/wp-json\/wp\/v2\/media\/37376"}],"wp:attachment":[{"href":"https:\/\/migracao.redenoticia.com.br\/noticia\/wp-json\/wp\/v2\/media?parent=108582"}],"wp:term":[{"taxonomy":"category","embeddable":true,"href":"https:\/\/migracao.redenoticia.com.br\/noticia\/wp-json\/wp\/v2\/categories?post=108582"},{"taxonomy":"post_tag","embeddable":true,"href":"https:\/\/migracao.redenoticia.com.br\/noticia\/wp-json\/wp\/v2\/tags?post=108582"}],"curies":[{"name":"wp","href":"https:\/\/api.w.org\/{rel}","templated":true}]}}