{"id":108621,"date":"2017-03-10T00:26:46","date_gmt":"2017-03-10T03:26:46","guid":{"rendered":"http:\/\/www.redenoticia.com.br\/noticia\/?p=108621"},"modified":"2017-03-09T15:27:10","modified_gmt":"2017-03-09T18:27:10","slug":"especialista-da-dicas-para-a-mulher-cuidar-bem-de-sua-saude","status":"publish","type":"post","link":"https:\/\/migracao.redenoticia.com.br\/noticia\/2017\/especialista-da-dicas-para-a-mulher-cuidar-bem-de-sua-saude\/108621","title":{"rendered":"Especialista d\u00e1 dicas para a mulher cuidar bem de sua sa\u00fade"},"content":{"rendered":"<p> Em entrevista ao Portal do Governo do Estado, o m\u00e9dico e diretor respons\u00e1vel pelo Hospital P\u00e9rola Byington \u2013 Centro de Refer\u00eancia da Mulher -, Luiz Henrique Gebrin, d\u00e1 dicas para a mulher ter uma <em><strong>vida mais saud\u00e1vel<\/strong><\/em>, da inf\u00e2ncia \u00e0 vida adulta.<\/p>\n<p>Na inf\u00e2ncia, o importante, segundo o m\u00e9dico, \u00e9 cultivar, desde o in\u00edcio, h\u00e1bitos saud\u00e1veis de vida, como alimenta\u00e7\u00e3o balanceada, exerc\u00edcios f\u00edsicos com regularidade e vigil\u00e2ncia permanente contra a obesidade. Essa \u00e9 a provid\u00eancia b\u00e1sica para a preven\u00e7\u00e3o de doen\u00e7as card\u00edacas, diabetes e as esp\u00e9cies mais frequentes de c\u00e2ncer.<\/p>\n<p>Crian\u00e7as e adolescentes, dos nove aos 14 anos de idade, devem tomar a vacina contra o HPV, para preven\u00e7\u00e3o do c\u00e2ncer de colo de \u00fatero.<\/p>\n<p>Com o in\u00edcio da vida sexual, a jovem deve procurar a orienta\u00e7\u00e3o m\u00e9dica para saber como se prevenir sobre a gravidez prematura. O m\u00e9dico vai orientar a adolescente sobre o uso de contraceptivos, necessidade do sexo seguro e as formas de prote\u00e7\u00e3o adequadas.\u00a0Os exames ginecol\u00f3gicos ou papanicolau devem ser feitos com regularidade a partir da fase sexualmente ativa da mulher, at\u00e9 os 60 anos.<\/p>\n<p>Consumo de \u00e1lcool<br \/>\nGebrin faz um alerta para o uso das drogas il\u00edcitas e l\u00edcitas, e o avan\u00e7o do alcoolismo entre os jovens, principalmente, entre as mulheres. A orienta\u00e7\u00e3o, segundo o m\u00e9dico, come\u00e7a em casa, mas deve se estender \u00e0 escola. O uso do \u00e1lcool se tornou bastante frequente com aumento da quantidade de jovens embriagadas, consumindo grandes quantidades de \u00e1lcool em per\u00edodos curtos de tempo.<\/p>\n<p>O consumo de \u00e1lcool tornou-se fator de alto risco para as adolescentes por seu envolvimento em acidentes e maior suscetibilidade aos abusos sexuais e a pr\u00e1tica de sexo sem a prote\u00e7\u00e3o adequada.<\/p>\n<p>Para a mulher gestante \u00e9 necess\u00e1rio o acompanhamento rotineiro da gravidez, desde o pr\u00e9-natal e aos exames de rotina, durante o per\u00edodo de gesta\u00e7\u00e3o.<\/p>\n<p>Na fase adulta, \u00e9 importante fazer os exames de check-up regulares para a preven\u00e7\u00e3o de doen\u00e7as cardiovasculares, como o derrame, infarto e diabetes, principalmente para as mulheres a partir dos 50 anos, que devem fazer os exames de sangue, glicemia (diabetes), medir os n\u00edveis de colesterol e a avaliar a press\u00e3o.<\/p>\n<p>O exames de mamografia, para preven\u00e7\u00e3o do c\u00e2ncer de mama, tamb\u00e9m devem ser rotineiros nas mulheres, na faixa dos 50 anos. Gebrin observa que a tend\u00eancia mundial \u00e9 a de evitar os exames mais sofisticados, na maioria desnecess\u00e1rios, e dar mais aten\u00e7\u00e3o aos mais simples.<\/p>\n<p>Do Portal do Governo SP<\/p>\n","protected":false},"excerpt":{"rendered":"<p>Em entrevista ao Portal do Governo do Estado, o m\u00e9dico e diretor respons\u00e1vel pelo Hospital P\u00e9rola Byington \u2013 Centro de Refer\u00eancia da Mulher -, Luiz Henrique Gebrin, d\u00e1 dicas para a mulher ter uma vida mais saud\u00e1vel, da inf\u00e2ncia \u00e0 vida adulta. Na inf\u00e2ncia, o importante, segundo o m\u00e9dico, \u00e9 cultivar, desde o in\u00edcio, h\u00e1bitos [&hellip;]<\/p>\n","protected":false},"author":2,"featured_media":37376,"comment_status":"open","ping_status":"closed","sticky":false,"template":"","format":"standard","meta":{"tdm_status":"","tdm_grid_status":"","footnotes":""},"categories":[22,5],"tags":[],"class_list":{"0":"post-108621","1":"post","2":"type-post","3":"status-publish","4":"format-standard","5":"has-post-thumbnail","7":"category-brasil","8":"category-saude-e-vida"},"_links":{"self":[{"href":"https:\/\/migracao.redenoticia.com.br\/noticia\/wp-json\/wp\/v2\/posts\/108621","targetHints":{"allow":["GET"]}}],"collection":[{"href":"https:\/\/migracao.redenoticia.com.br\/noticia\/wp-json\/wp\/v2\/posts"}],"about":[{"href":"https:\/\/migracao.redenoticia.com.br\/noticia\/wp-json\/wp\/v2\/types\/post"}],"author":[{"embeddable":true,"href":"https:\/\/migracao.redenoticia.com.br\/noticia\/wp-json\/wp\/v2\/users\/2"}],"replies":[{"embeddable":true,"href":"https:\/\/migracao.redenoticia.com.br\/noticia\/wp-json\/wp\/v2\/comments?post=108621"}],"version-history":[{"count":0,"href":"https:\/\/migracao.redenoticia.com.br\/noticia\/wp-json\/wp\/v2\/posts\/108621\/revisions"}],"wp:featuredmedia":[{"embeddable":true,"href":"https:\/\/migracao.redenoticia.com.br\/noticia\/wp-json\/wp\/v2\/media\/37376"}],"wp:attachment":[{"href":"https:\/\/migracao.redenoticia.com.br\/noticia\/wp-json\/wp\/v2\/media?parent=108621"}],"wp:term":[{"taxonomy":"category","embeddable":true,"href":"https:\/\/migracao.redenoticia.com.br\/noticia\/wp-json\/wp\/v2\/categories?post=108621"},{"taxonomy":"post_tag","embeddable":true,"href":"https:\/\/migracao.redenoticia.com.br\/noticia\/wp-json\/wp\/v2\/tags?post=108621"}],"curies":[{"name":"wp","href":"https:\/\/api.w.org\/{rel}","templated":true}]}}