{"id":108864,"date":"2017-03-14T23:25:59","date_gmt":"2017-03-15T02:25:59","guid":{"rendered":"http:\/\/www.redenoticia.com.br\/noticia\/?p=108864"},"modified":"2018-08-13T10:39:41","modified_gmt":"2018-08-13T13:39:41","slug":"bbb-17-votacao-em-emilly-ieda-e-roberta-movimenta-a-enquete","status":"publish","type":"post","link":"https:\/\/migracao.redenoticia.com.br\/noticia\/2017\/bbb-17-votacao-em-emilly-ieda-e-roberta-movimenta-a-enquete\/108864","title":{"rendered":"\u201cBBB\u201d 17: vota\u00e7\u00e3o em Emilly, Ieda e Roberta movimentou a enquete"},"content":{"rendered":"<p><a href=\"https:\/\/migracao.redenoticia.com.br\/noticia\/imagens\/bbb_enquete_votacao.jpg\"><img loading=\"lazy\" decoding=\"async\" class=\"alignleft size-medium wp-image-64479\" src=\"https:\/\/migracao.redenoticia.com.br\/noticia\/imagens\/bbb_enquete_votacao-187x187.jpg\" alt=\"bbb_enquete_votacao\" width=\"187\" height=\"187\" srcset=\"https:\/\/migracao.redenoticia.com.br\/noticia\/imagens\/bbb_enquete_votacao-187x187.jpg 187w, https:\/\/migracao.redenoticia.com.br\/noticia\/imagens\/bbb_enquete_votacao.jpg 300w, https:\/\/migracao.redenoticia.com.br\/noticia\/imagens\/bbb_enquete_votacao-150x150.jpg 150w, https:\/\/migracao.redenoticia.com.br\/noticia\/imagens\/bbb_enquete_votacao-110x110.jpg 110w, https:\/\/migracao.redenoticia.com.br\/noticia\/imagens\/bbb_enquete_votacao-50x50.jpg 50w\" sizes=\"auto, (max-width: 187px) 100vw, 187px\" \/><\/a><em><strong>\u201cBBB&#8221; 17 vota\u00e7\u00e3o enquete:<\/strong><\/em> Roberta recebeu 79,43% dos votos v\u00e1lidos e foi eliminada do programa. Este pared\u00e3o come\u00e7ou em 12\/03, quando o apresentador Tiago Leifert liberou Emilly, Ilmar e Ieda do Castigo do Monstro. Ele confirmou o pared\u00e3o triplo formado pela indica\u00e7\u00e3o do L\u00edder e os dois mais votados pela casa. Logo depois, R\u00f4mulo usou o poder do Anjo para imunizar Vivian. O L\u00edder Marcos indicou Roberta para o pared\u00e3o. Vota\u00e7\u00e3o da casa: Roberta votou no Ilmar. R\u00f4mulo e Vivian votaram na Emilly. Ieda votou na Marinalva. Daniel, Ilmar, Emilly e Marinalva votaram na Ieda. Logo depois, Leifert deu largada na vota\u00e7\u00e3o do quinto pared\u00e3o triplo desta edi\u00e7\u00e3o. A vota\u00e7\u00e3o aconteceu at\u00e9 o programa ao vivo da ter\u00e7a-feira, 14\/03. <\/p>\n<p>Veja tamb\u00e9m &#8211; <a href=\"https:\/\/migracao.redenoticia.com.br\/noticia\/2017\/bbb-17-votacao-em-ieda-marcos-e-romulo-movimenta-a-enquete\/109388\">\u201cBBB\u201d 17: vota\u00e7\u00e3o em Ieda, Marcos e R\u00f4mulo movimenta a enquete<\/a><\/p>\n<p><script type=\"text\/javascript\" charset=\"utf-8\" src=\"http:\/\/static.polldaddy.com\/p\/9692411.js\"><\/script><br \/>\n<noscript><a href=\"http:\/\/polldaddy.com\/poll\/9692411\/\">Quem deve sair do \u201cBBB\u201d 17?<\/a><\/noscript><\/p>\n<p>A vota\u00e7\u00e3o oficial aconteceu no endere\u00e7o da Rede Globo<a href=\"http:\/\/gshow.globo.com\/realities\/bbb\/\"> \u201cBBB&#8221; 17.<\/a><\/p>\n<p>Resultado parcial, 13\/03, 15h41: Roberta 76,49% (145.527 votos); Ieda 13,06% (24.849 votos); Emilly 10,45% (19.888 votos). Total 190.264 votos.<br \/>\nResultado parcial, 13\/03, 21h29: Roberta 76,29% (203.237 votos); Ieda 13,27% (35.352 votos); Emilly 10,44% (27.804 votos).Total 266.393 votos.<br \/>\nResultado parcial, 14\/03, 15h06: Roberta 75,94% (312.647 votos); Ieda 13,03% (53.646 votos); Emilly 11,03% (45.395 votos). Total 411.688 votos.<br \/>\nResultado parcial, 14\/03, 22h57: Roberta 75,80% (428.616 votos); Ieda 13,13% (74.251 votos); Emilly 11,07%  (62.619 votos). Total 565.486 votos. <\/p>\n<p>Fonte \u201cBBB&#8221; 17 \u2013 Vota\u00e7\u00e3o Enquete<\/p>\n<p>Not\u00edcias relacionadas:<br \/>\n<a href=\"https:\/\/migracao.redenoticia.com.br\/noticia\/2017\/diario-bbb17\/105212\">Di\u00e1rio \u201cBBB\u201d17<\/a><br \/>\n<a href=\"https:\/\/migracao.redenoticia.com.br\/noticia\/2017\/bbb-17-prova-do-anjo-e-castigo-do-monstro\/104953\">\u201cBBB\u201d17: \u201cBBB\u201d17: prova do anjo e castigo do monstro<\/a><br \/>\n<a href=\"https:\/\/migracao.redenoticia.com.br\/noticia\/2017\/bbb-17-prova-da-comida\/104955\">\u201cBBB\u201d17: prova da comida<\/a><br \/>\n&#8212;<br \/>\nConcorrentes que entraram na casa em 23 e 24\/01: os g\u00eameos Antonio e Manoel e Emilly e Mayla. Vivian Amorim, R\u00f4mulo Neves, Roberta Diniz, Pedro Falc\u00e3o, Mayara Rodrigues, Marinalva Almeida, Marcos Harter, Luiz Felipe, Ilmar Fonseca, Ieda, Gabriela Flor, Elis Nair e Daniel Fontes.<\/p>\n","protected":false},"excerpt":{"rendered":"<p>\u201cBBB&#8221; 17 vota\u00e7\u00e3o enquete: Roberta recebeu 79,43% dos votos v\u00e1lidos e foi eliminada do programa. Este pared\u00e3o come\u00e7ou em 12\/03, quando o apresentador Tiago Leifert liberou Emilly, Ilmar e Ieda do Castigo do Monstro. Ele confirmou o pared\u00e3o triplo formado pela indica\u00e7\u00e3o do L\u00edder e os dois mais votados pela casa. Logo depois, R\u00f4mulo usou [&hellip;]<\/p>\n","protected":false},"author":2,"featured_media":64479,"comment_status":"open","ping_status":"closed","sticky":false,"template":"","format":"standard","meta":{"tdm_status":"","tdm_grid_status":"","footnotes":""},"categories":[520,375,343],"tags":[],"class_list":{"0":"post-108864","1":"post","2":"type-post","3":"status-publish","4":"format-standard","5":"has-post-thumbnail","7":"category-big-brother-brasil","8":"category-rede-globo","9":"category-televisao"},"_links":{"self":[{"href":"https:\/\/migracao.redenoticia.com.br\/noticia\/wp-json\/wp\/v2\/posts\/108864","targetHints":{"allow":["GET"]}}],"collection":[{"href":"https:\/\/migracao.redenoticia.com.br\/noticia\/wp-json\/wp\/v2\/posts"}],"about":[{"href":"https:\/\/migracao.redenoticia.com.br\/noticia\/wp-json\/wp\/v2\/types\/post"}],"author":[{"embeddable":true,"href":"https:\/\/migracao.redenoticia.com.br\/noticia\/wp-json\/wp\/v2\/users\/2"}],"replies":[{"embeddable":true,"href":"https:\/\/migracao.redenoticia.com.br\/noticia\/wp-json\/wp\/v2\/comments?post=108864"}],"version-history":[{"count":0,"href":"https:\/\/migracao.redenoticia.com.br\/noticia\/wp-json\/wp\/v2\/posts\/108864\/revisions"}],"wp:featuredmedia":[{"embeddable":true,"href":"https:\/\/migracao.redenoticia.com.br\/noticia\/wp-json\/wp\/v2\/media\/64479"}],"wp:attachment":[{"href":"https:\/\/migracao.redenoticia.com.br\/noticia\/wp-json\/wp\/v2\/media?parent=108864"}],"wp:term":[{"taxonomy":"category","embeddable":true,"href":"https:\/\/migracao.redenoticia.com.br\/noticia\/wp-json\/wp\/v2\/categories?post=108864"},{"taxonomy":"post_tag","embeddable":true,"href":"https:\/\/migracao.redenoticia.com.br\/noticia\/wp-json\/wp\/v2\/tags?post=108864"}],"curies":[{"name":"wp","href":"https:\/\/api.w.org\/{rel}","templated":true}]}}