{"id":108890,"date":"2017-03-13T16:33:57","date_gmt":"2017-03-13T19:33:57","guid":{"rendered":"http:\/\/www.redenoticia.com.br\/noticia\/?p=108890"},"modified":"2017-03-13T16:20:52","modified_gmt":"2017-03-13T19:20:52","slug":"resumo-novela-carinha-de-anjo-1403-andre-marca-uma-falsa-entrevista-com-veronica","status":"publish","type":"post","link":"https:\/\/migracao.redenoticia.com.br\/noticia\/2017\/resumo-novela-carinha-de-anjo-1403-andre-marca-uma-falsa-entrevista-com-veronica\/108890","title":{"rendered":"Resumo novela \u201cCarinha de Anjo\u201d 14\/03: Andr\u00e9 marca uma falsa entrevista com Ver\u00f4nica"},"content":{"rendered":"<p><img loading=\"lazy\" decoding=\"async\" class=\"alignleft size-thumbnail wp-image-99331\" src=\"https:\/\/migracao.redenoticia.com.br\/noticia\/imagens\/carinha_de_anjo_sbt_novela_resumo_capitulo-150x112.jpg\" alt=\"carinha_de_anjo_sbt_novela_resumo_capitulo\" width=\"150\" height=\"112\" srcset=\"https:\/\/migracao.redenoticia.com.br\/noticia\/imagens\/carinha_de_anjo_sbt_novela_resumo_capitulo-150x112.jpg 150w, https:\/\/migracao.redenoticia.com.br\/noticia\/imagens\/carinha_de_anjo_sbt_novela_resumo_capitulo-265x198.jpg 265w\" sizes=\"auto, (max-width: 150px) 100vw, 150px\" \/><strong><em>Resumo novela \u201cCarinha de Anjo\u201d 14\/03<\/em><\/strong>: no cap\u00edtulo 082 (*) da novela \u201cCarinha de Anjo\u201d, resumo de ter\u00e7a-feira, 14 de mar\u00e7o, \u00c9rica (Einat Falbel) diz para Rosana que ela precisa se afastar de Peixoto, pois na verdade ele \u00e9 um criminoso que est\u00e1 sendo investigado. Irm\u00e3 Cec\u00edlia e Estef\u00e2nia escutam a ideia de Fabiana para que Veronica e Gustavo se encontrem atrav\u00e9s do doutor Andr\u00e9 e com isso fa\u00e7am as pazes. Vitor convida Silvestre e Solange para serem seus padrinhos de casamento. Delegado Peixoto procura Rosana, que diz que n\u00e3o quer nada com ele. In\u00e1cio e Zeca conversam com Z\u00e9 Felipe para saber se ele quer fazer dupla com o irm\u00e3o. Doutor Andr\u00e9 marca uma falsa entrevista com Ver\u00f4nica a pedido de Fabiana e Cec\u00edlia para o plano delas. Gustavo pede para o Padre Miguel levar Dulce ao m\u00e9dico no dia seguinte a pedido de Estef\u00e2nia.<\/p>\n<p>(*) edi\u00e7\u00e3o do SBT, Novela \u201cCarinha de Anjo\u201d, sujeito a altera\u00e7\u00e3o de data e conte\u00fado.<\/p>\n<p>Carinha de Anjo \u00e9 uma telenovela brasileira produzida e exibida originalmente pelo SBT desde o dia 21 de novembro de 2016, substituindo o hor\u00e1rio anteriormente ocupado por C\u00famplices de um Resgate. A telenovela \u00e9 inspirada na mexicana Carita de \u00e1ngel, que, por sua vez, \u00e9 um remake de Mundo de juguete, ambas produzidas pela Televisa e que haviam sido baseadas na trama argentina escrita por Abel Santa Cruz, Pap\u00e1 coraz\u00f3n. Esta ser\u00e1 a segunda adapta\u00e7\u00e3o brasileira da obra original argentina, visto que a Rede Tupi apresentou em 1976 a sua primeira vers\u00e3o, chamada de Papai Cora\u00e7\u00e3o. A nova vers\u00e3o \u00e9 escrita por Leonor Corr\u00eaa, com supervis\u00e3o de \u00cdris Abravanel e dire\u00e7\u00e3o geral de Ricardo Mantoanelli. A trama conta com Lorena Queiroz, Bia Arantes, Carlo Porto, Priscila Sol, Dani Gondim, Karin Hils, Eliana Guttman e Lucero nos pap\u00e9is principais.<\/p>\n","protected":false},"excerpt":{"rendered":"<p>Resumo novela \u201cCarinha de Anjo\u201d 14\/03: no cap\u00edtulo 082 (*) da novela \u201cCarinha de Anjo\u201d, resumo de ter\u00e7a-feira, 14 de mar\u00e7o, \u00c9rica (Einat Falbel) diz para Rosana que ela precisa se afastar de Peixoto, pois na verdade ele \u00e9 um criminoso que est\u00e1 sendo investigado. Irm\u00e3 Cec\u00edlia e Estef\u00e2nia escutam a ideia de Fabiana para [&hellip;]<\/p>\n","protected":false},"author":4,"featured_media":99331,"comment_status":"open","ping_status":"closed","sticky":false,"template":"","format":"standard","meta":{"tdm_status":"","tdm_grid_status":"","footnotes":""},"categories":[452,379,372,343],"tags":[441],"class_list":{"0":"post-108890","1":"post","2":"type-post","3":"status-publish","4":"format-standard","5":"has-post-thumbnail","7":"category-carinha-de-anjo","8":"category-novelas","9":"category-sbt","10":"category-televisao","11":"tag-resumo-do-dia"},"_links":{"self":[{"href":"https:\/\/migracao.redenoticia.com.br\/noticia\/wp-json\/wp\/v2\/posts\/108890","targetHints":{"allow":["GET"]}}],"collection":[{"href":"https:\/\/migracao.redenoticia.com.br\/noticia\/wp-json\/wp\/v2\/posts"}],"about":[{"href":"https:\/\/migracao.redenoticia.com.br\/noticia\/wp-json\/wp\/v2\/types\/post"}],"author":[{"embeddable":true,"href":"https:\/\/migracao.redenoticia.com.br\/noticia\/wp-json\/wp\/v2\/users\/4"}],"replies":[{"embeddable":true,"href":"https:\/\/migracao.redenoticia.com.br\/noticia\/wp-json\/wp\/v2\/comments?post=108890"}],"version-history":[{"count":0,"href":"https:\/\/migracao.redenoticia.com.br\/noticia\/wp-json\/wp\/v2\/posts\/108890\/revisions"}],"wp:featuredmedia":[{"embeddable":true,"href":"https:\/\/migracao.redenoticia.com.br\/noticia\/wp-json\/wp\/v2\/media\/99331"}],"wp:attachment":[{"href":"https:\/\/migracao.redenoticia.com.br\/noticia\/wp-json\/wp\/v2\/media?parent=108890"}],"wp:term":[{"taxonomy":"category","embeddable":true,"href":"https:\/\/migracao.redenoticia.com.br\/noticia\/wp-json\/wp\/v2\/categories?post=108890"},{"taxonomy":"post_tag","embeddable":true,"href":"https:\/\/migracao.redenoticia.com.br\/noticia\/wp-json\/wp\/v2\/tags?post=108890"}],"curies":[{"name":"wp","href":"https:\/\/api.w.org\/{rel}","templated":true}]}}