{"id":108892,"date":"2017-03-13T16:34:12","date_gmt":"2017-03-13T19:34:12","guid":{"rendered":"http:\/\/www.redenoticia.com.br\/noticia\/?p=108892"},"modified":"2017-03-13T16:22:08","modified_gmt":"2017-03-13T19:22:08","slug":"resumo-novela-chiquititas-1403-ernestina-vai-embora-do-orfanato","status":"publish","type":"post","link":"https:\/\/migracao.redenoticia.com.br\/noticia\/2017\/resumo-novela-chiquititas-1403-ernestina-vai-embora-do-orfanato\/108892","title":{"rendered":"Resumo novela \u201cChiquititas\u201d 14\/03: Ernestina vai embora do orfanato"},"content":{"rendered":"<p><img loading=\"lazy\" decoding=\"async\" class=\"alignleft size-thumbnail wp-image-49690\" src=\"https:\/\/migracao.redenoticia.com.br\/noticia\/imagens\/chiquititas1-150x112.jpg\" alt=\"chiquititas\" width=\"150\" height=\"112\" \/><strong><em>Resumo novela \u201cChiquititas\u201d 14\/03<\/em><\/strong>: no cap\u00edtulo 131 (*) da novela \u201cChiquititas\u201d, resumo de ter\u00e7a-feira, 14 de mar\u00e7o, no quarto, as crian\u00e7as sentem falta das broncas de Ernestina e estranham o sumi\u00e7o da zeladora. Na sala, com uma mala na m\u00e3o, Ernestina se despede do local e afirma para si mesma que n\u00e3o conseguir\u00e1 viver no orfanato sendo rejeitada por Chico e sem o amor das crian\u00e7as. No quarto, as chiquititas confessam a Mili que est\u00e3o sentindo falta das hist\u00f3rias da pequenina. A \u00f3rf\u00e3 diz que n\u00e3o est\u00e1 inspirada e que outro dia contar\u00e1 uma nova hist\u00f3ria. No dia seguinte, Carol e Dani chegam \u00e0 casa de D. Nina. No orfanato, as \u00f3rf\u00e3s acordam e estranham que Ernestina n\u00e3o tenha aparecido. Na casa de Ver\u00f4nica e Edgar, Bia e Binho escutam uma conversa estranha do casal. Os dois aparecem na sala e comunica os pequeninos que decidiram em n\u00e3o adot\u00e1-los. Aliviados, Bia e Binho confessam que n\u00e3o se divertiram e que n\u00e3o gostaram dos dois. De volta para o orfanato, os pequeninos contam tudo o que passaram na casa do casal. Na diretoria, Cintia se irrita pelos \u00f3rf\u00e3os terem voltado. A diretora encontra uma carta de Ernestina em sua mesa e descobre que a zeladora foi embora do lugar. Cintia fica feliz ao terminar de ler a mensagem e rasga o papel. Jos\u00e9 Ricardo confessa a Maria Cec\u00edlia que est\u00e1 feliz em ter a funcion\u00e1ria de volta na empresa. Na loja, \u00c9rica se aproxima de Beto e lembra o rapaz da festa. O entregador fica em d\u00favida se realmente deve aceitar o convite. No mesmo momento, Junior questiona Beto sobre o paradeiro de Carol e o rapaz n\u00e3o segue os conselhos da irm\u00e3 e comunica ao chefe onde sua irm\u00e3 est\u00e1. Na sala, Cintia comunica aos \u00f3rf\u00e3os e a Chico que Ernestina foi embora do orfanato. Surpresos com a not\u00edcia, o funcion\u00e1rio e os \u00f3rf\u00e3os questionam a diretora. Cintia mente e diz que a mo\u00e7a n\u00e3o estava feliz e que teve uma proposta melhor de trabalho. Carol conta para D. Nina sobre tudo o que aconteceu e as coisas que a levaram de volta para a casa da av\u00f3. Junior cancela todas as suas reuni\u00f5es para ir ao encontro de Carol. Jos\u00e9 Ricardo questiona o filho e percebe que ele est\u00e1 agitado. O empres\u00e1rio diz ao filho que tem um bom advogado que pode ajudar no caso da ado\u00e7\u00e3o de Dani. Jos\u00e9 Ricardo fica preocupado e pensa na possibilidade de Carol falar ao filho sobre a conversa que ele teve com a nora. Na cozinha, Chico fica triste com a not\u00edcia de Ernestina e Mosca tenta consolar o cozinheiro. Eduarda confessa a Maria Cec\u00edlia que falou com Tom\u00e1s Ferraz, que na verdade \u00e9 Tobias, para que ela voltasse a trabalhar no Caf\u00e9 Boutique. A mo\u00e7a fica surpresa com a not\u00edcia. Junior chega \u00e0 casa de D. Nina e surpreende Carolina.<\/p>\n<p>(*) edi\u00e7\u00e3o do SBT, Novela \u201cChiquititas\u201d, sujeito a altera\u00e7\u00e3o de data e conte\u00fado.<\/p>\n<p>Chiquititas gira em torno do orfanato Raio de Luz, que carrega em sua hist\u00f3ria um grande segredo envolvendo a fam\u00edlia e o dono do orfanato, Dr. Jos\u00e9 Ricardo Almeida Campos. Em um per\u00edodo anterior \u00e0 novela, exatos treze anos, sua filha Gabriela se apaixonou e ficou gr\u00e1vida de Miguel, filho de Valentina, empregada da casa dos Almeida Campos. Pouco depois, Jos\u00e9 Ricardo sequestrou sua neta, pois, como um homem conservador, ele n\u00e3o aceitava a ideia de que sua filha se envolvesse com um empregado. Como sua neta, Milena, apelidada como Mili, precisava de um lugar para morar, ele comprou um casar\u00e3o e fundou um orfanato, o Raio de Luz. Mili cresceu l\u00e1 com outras garotas que chegaram posteriormente: Bia, Ana, as irm\u00e3s Tati e Vivi, e Cris. Ao decorrer dos anos, elas se tornam uma fam\u00edlia. Elas s\u00e3o supervisionadas por Ernestina, zeladora do orfanato, e Chico, o cozinheiro amado pelas internas. Sofia, ex-governanta da fam\u00edlia Almeida Campos, \u00e9 a diretora do lugar, at\u00e9 que Carmem, irm\u00e3 de Jos\u00e9 Ricardo, entre em seu lugar. Chegam ainda mais \u00f3rf\u00e3os: Pata, Mosca, Binho e Rafa, que viviam nas ruas antes de entrarem na institui\u00e7\u00e3o. Pata e Mili tornam-se amigas rapidamente, enquanto Mosca, Binho e Rafa s\u00e3o os primeiros garotos a entrar no abrigo. As crian\u00e7as sem-teto foram ajudadas por uma doce e bela garota que tocam e mudam a vida delas, assim como as das garotas \u00f3rf\u00e3s.<\/p>\n","protected":false},"excerpt":{"rendered":"<p>Resumo novela \u201cChiquititas\u201d 14\/03: no cap\u00edtulo 131 (*) da novela \u201cChiquititas\u201d, resumo de ter\u00e7a-feira, 14 de mar\u00e7o, no quarto, as crian\u00e7as sentem falta das broncas de Ernestina e estranham o sumi\u00e7o da zeladora. Na sala, com uma mala na m\u00e3o, Ernestina se despede do local e afirma para si mesma que n\u00e3o conseguir\u00e1 viver no [&hellip;]<\/p>\n","protected":false},"author":4,"featured_media":49690,"comment_status":"open","ping_status":"closed","sticky":false,"template":"","format":"standard","meta":{"tdm_status":"","tdm_grid_status":"","footnotes":""},"categories":[409,379,372,343],"tags":[441],"class_list":{"0":"post-108892","1":"post","2":"type-post","3":"status-publish","4":"format-standard","5":"has-post-thumbnail","7":"category-chiquititas","8":"category-novelas","9":"category-sbt","10":"category-televisao","11":"tag-resumo-do-dia"},"_links":{"self":[{"href":"https:\/\/migracao.redenoticia.com.br\/noticia\/wp-json\/wp\/v2\/posts\/108892","targetHints":{"allow":["GET"]}}],"collection":[{"href":"https:\/\/migracao.redenoticia.com.br\/noticia\/wp-json\/wp\/v2\/posts"}],"about":[{"href":"https:\/\/migracao.redenoticia.com.br\/noticia\/wp-json\/wp\/v2\/types\/post"}],"author":[{"embeddable":true,"href":"https:\/\/migracao.redenoticia.com.br\/noticia\/wp-json\/wp\/v2\/users\/4"}],"replies":[{"embeddable":true,"href":"https:\/\/migracao.redenoticia.com.br\/noticia\/wp-json\/wp\/v2\/comments?post=108892"}],"version-history":[{"count":0,"href":"https:\/\/migracao.redenoticia.com.br\/noticia\/wp-json\/wp\/v2\/posts\/108892\/revisions"}],"wp:featuredmedia":[{"embeddable":true,"href":"https:\/\/migracao.redenoticia.com.br\/noticia\/wp-json\/wp\/v2\/media\/49690"}],"wp:attachment":[{"href":"https:\/\/migracao.redenoticia.com.br\/noticia\/wp-json\/wp\/v2\/media?parent=108892"}],"wp:term":[{"taxonomy":"category","embeddable":true,"href":"https:\/\/migracao.redenoticia.com.br\/noticia\/wp-json\/wp\/v2\/categories?post=108892"},{"taxonomy":"post_tag","embeddable":true,"href":"https:\/\/migracao.redenoticia.com.br\/noticia\/wp-json\/wp\/v2\/tags?post=108892"}],"curies":[{"name":"wp","href":"https:\/\/api.w.org\/{rel}","templated":true}]}}