{"id":108919,"date":"2017-03-14T00:11:32","date_gmt":"2017-03-14T03:11:32","guid":{"rendered":"http:\/\/www.redenoticia.com.br\/noticia\/?p=108919"},"modified":"2017-03-13T17:33:34","modified_gmt":"2017-03-13T20:33:34","slug":"instituto-butantan-abre-inscricoes-para-cursos-de-2017","status":"publish","type":"post","link":"https:\/\/migracao.redenoticia.com.br\/noticia\/2017\/instituto-butantan-abre-inscricoes-para-cursos-de-2017\/108919","title":{"rendered":"Instituto Butantan abre inscri\u00e7\u00f5es para cursos de 2017"},"content":{"rendered":"<p> Ag\u00eancia FAPESP \u2013 O Instituto Butantan est\u00e1 com inscri\u00e7\u00f5es abertas para os <strong><em>cursos de divulga\u00e7\u00e3o cient\u00edfica<\/em><\/strong> e extens\u00e3o universit\u00e1ria do primeiro semestre. Dentre as novidades para 2017 est\u00e3o os temas:\u00a0&#8220;Introdu\u00e7\u00e3o \u00e0 fotografia e Fotografia de natureza e cient\u00edfica&#8221; e o acr\u00e9scimo de um m\u00f3dulo para o curso &#8220;Gerenciamento de res\u00edduos de servi\u00e7o de sa\u00fade e res\u00edduos s\u00f3lidos industriais&#8221;, passando de dois para tr\u00eas m\u00f3dulos.<\/p>\n<p>Ao todo, s\u00e3o 32 cursos, sendo 25 de extens\u00e3o universit\u00e1ria e sete de divulga\u00e7\u00e3o cient\u00edfica. Os temas abordados variam entre sa\u00fade, biotecnologia, museologia, ecologia, biologia animal, hist\u00f3ria da ci\u00eancia, fotografia, cultura e tecnologia.<\/p>\n<p>O objetivo do programa \u00e9 estimular o interesse pela ci\u00eancia, cultura e tecnologia, al\u00e9m da atualiza\u00e7\u00e3o de conte\u00fados espec\u00edficos por meio do programa. Segundo Luciana Monaco, coordenadora do N\u00facleo de Difus\u00e3o e Conhecimento (NDC), \u201cos cursos s\u00e3o oportunidades de ampliar e aprofundar o conhecimento nas \u00e1reas de ci\u00eancias m\u00e9dicas e biol\u00f3gicas relacionadas ao Instituto Butantan\u201d.<\/p>\n<p>As inscri\u00e7\u00f5es s\u00e3o feitas exclusivamente pelo site e as vagas s\u00e3o limitadas. Todas as informa\u00e7\u00f5es referentes \u00e0s inscri\u00e7\u00f5es est\u00e3o em:\u00a0.<\/p>\n<p>A programa\u00e7\u00e3o completa est\u00e1 dispon\u00edvel no endere\u00e7o .<\/p>\n<p>Mais informa\u00e7\u00f5es podem ser obtidas pelo e-mail cursos.cultural@butantan.gov.br ou pelos telefones (11) 2627-9538 e 2627- 9548.<\/p>\n","protected":false},"excerpt":{"rendered":"<p>Ag\u00eancia FAPESP \u2013 O Instituto Butantan est\u00e1 com inscri\u00e7\u00f5es abertas para os cursos de divulga\u00e7\u00e3o cient\u00edfica e extens\u00e3o universit\u00e1ria do primeiro semestre. Dentre as novidades para 2017 est\u00e3o os temas:\u00a0&#8220;Introdu\u00e7\u00e3o \u00e0 fotografia e Fotografia de natureza e cient\u00edfica&#8221; e o acr\u00e9scimo de um m\u00f3dulo para o curso &#8220;Gerenciamento de res\u00edduos de servi\u00e7o de sa\u00fade e [&hellip;]<\/p>\n","protected":false},"author":2,"featured_media":36246,"comment_status":"open","ping_status":"closed","sticky":false,"template":"","format":"standard","meta":{"tdm_status":"","tdm_grid_status":"","footnotes":""},"categories":[22,351,370],"tags":[],"class_list":{"0":"post-108919","1":"post","2":"type-post","3":"status-publish","4":"format-standard","5":"has-post-thumbnail","7":"category-brasil","8":"category-cursos","9":"category-inscricao"},"_links":{"self":[{"href":"https:\/\/migracao.redenoticia.com.br\/noticia\/wp-json\/wp\/v2\/posts\/108919","targetHints":{"allow":["GET"]}}],"collection":[{"href":"https:\/\/migracao.redenoticia.com.br\/noticia\/wp-json\/wp\/v2\/posts"}],"about":[{"href":"https:\/\/migracao.redenoticia.com.br\/noticia\/wp-json\/wp\/v2\/types\/post"}],"author":[{"embeddable":true,"href":"https:\/\/migracao.redenoticia.com.br\/noticia\/wp-json\/wp\/v2\/users\/2"}],"replies":[{"embeddable":true,"href":"https:\/\/migracao.redenoticia.com.br\/noticia\/wp-json\/wp\/v2\/comments?post=108919"}],"version-history":[{"count":0,"href":"https:\/\/migracao.redenoticia.com.br\/noticia\/wp-json\/wp\/v2\/posts\/108919\/revisions"}],"wp:featuredmedia":[{"embeddable":true,"href":"https:\/\/migracao.redenoticia.com.br\/noticia\/wp-json\/wp\/v2\/media\/36246"}],"wp:attachment":[{"href":"https:\/\/migracao.redenoticia.com.br\/noticia\/wp-json\/wp\/v2\/media?parent=108919"}],"wp:term":[{"taxonomy":"category","embeddable":true,"href":"https:\/\/migracao.redenoticia.com.br\/noticia\/wp-json\/wp\/v2\/categories?post=108919"},{"taxonomy":"post_tag","embeddable":true,"href":"https:\/\/migracao.redenoticia.com.br\/noticia\/wp-json\/wp\/v2\/tags?post=108919"}],"curies":[{"name":"wp","href":"https:\/\/api.w.org\/{rel}","templated":true}]}}