{"id":108965,"date":"2017-03-15T00:26:24","date_gmt":"2017-03-15T03:26:24","guid":{"rendered":"http:\/\/www.redenoticia.com.br\/noticia\/?p=108965"},"modified":"2017-03-14T15:28:39","modified_gmt":"2017-03-14T18:28:39","slug":"pos-doutorado-em-fisica-teorica-na-usp-com-bolsa-da-fapesp","status":"publish","type":"post","link":"https:\/\/migracao.redenoticia.com.br\/noticia\/2017\/pos-doutorado-em-fisica-teorica-na-usp-com-bolsa-da-fapesp\/108965","title":{"rendered":"P\u00f3s-Doutorado em F\u00edsica Te\u00f3rica na USP com Bolsa da FAPESP"},"content":{"rendered":"<p> Ag\u00eancia FAPESP \u2013 O Instituto de F\u00edsica da Universidade de S\u00e3o Paulo (IFUSP) oferece uma oportunidade de <em><strong>P\u00f3s-Doutorado em F\u00edsica Te\u00f3rica<\/strong><\/em> com Bolsa da FAPESP. O prazo de inscri\u00e7\u00e3o encerra em 19 de mar\u00e7o. A Bolsa est\u00e1 vinculada ao Projeto Tem\u00e1tico \u201c\u201d, que tem Dmitri Maximovitch Gitman como pesquisador principal.<\/p>\n<p>O projeto estuda efeitos qu\u00e2nticos em campos eletromagn\u00e9ticos e gravitacionais fortes que violam a estabilidade do v\u00e1cuo. Sup\u00f5e-se o desenvolvimento da Teoria Qu\u00e2ntica de Campos geral para este tipo de processos e sua aplica\u00e7\u00e3o ao c\u00e1lculo de v\u00e1rios efeitos em campos externos de estrutura particular.<\/p>\n<p>Os candidatos devem possuir bom conhecimento de todos os conceitos principais da Mec\u00e2nica Qu\u00e2ntica (relativista e n\u00e3o relativista) e m\u00e9todos da Teoria Qu\u00e2ntica de Campos, em particular a Eletrodin\u00e2mica Qu\u00e2ntica com v\u00e1cuo inst\u00e1vel no \u00e2mbito do curso &#8220;Quantum electrodynamics with unstable vacuum&#8221; (Springer, 1991), por E.S. Fradkin, D.M.Gitman e S.M.Shvartsman.<\/p>\n<p>Os interessados devem ter PhD em F\u00edsica. Outras restri\u00e7\u00f5es formais podem ser aplicadas. As atividades de pesquisa ser\u00e3o conduzidas no IFUSP sob a orienta\u00e7\u00e3o do professor Dmitri M. Guitman.<\/p>\n<p>Os candidatos devem enviar curr\u00edculo vitae com lista de publica\u00e7\u00f5es e duas cartas de recomenda\u00e7\u00e3o por e-mail ao professor Guitman no endere\u00e7o pos.doc.ifusp.2017@gmail.com.<\/p>\n<p>A oportunidade est\u00e1 publicada em .<\/p>\n<p>O selecionado receber\u00e1 bolsa de P\u00f3s-Doutorado da FAPESP no valor de R$ 6.819,30 mensais e Reserva T\u00e9cnica. A Reserva T\u00e9cnica da bolsa de PD equivale a 15% do valor anual da bolsa e tem o objetivo de atender a despesas imprevistas e diretamente relacionadas \u00e0 atividade de pesquisa.<\/p>\n<p>Caso o bolsista resida em domic\u00edlio diferente e precise se mudar para a cidade onde se localiza a institui\u00e7\u00e3o-sede da pesquisa, poder\u00e1 ter direito a um Aux\u00edlio-Instala\u00e7\u00e3o.<\/p>\n<p>Mais informa\u00e7\u00f5es sobre a bolsa de P\u00f3s-Doutorado da FAPESP est\u00e3o dispon\u00edveis em .<\/p>\n<p>Outras vagas de bolsas de P\u00f3s-Doutorado, em diversas \u00e1reas do conhecimento, est\u00e3o no site .<\/p>\n","protected":false},"excerpt":{"rendered":"<p>Ag\u00eancia FAPESP \u2013 O Instituto de F\u00edsica da Universidade de S\u00e3o Paulo (IFUSP) oferece uma oportunidade de P\u00f3s-Doutorado em F\u00edsica Te\u00f3rica com Bolsa da FAPESP. O prazo de inscri\u00e7\u00e3o encerra em 19 de mar\u00e7o. A Bolsa est\u00e1 vinculada ao Projeto Tem\u00e1tico \u201c\u201d, que tem Dmitri Maximovitch Gitman como pesquisador principal. O projeto estuda efeitos qu\u00e2nticos [&hellip;]<\/p>\n","protected":false},"author":2,"featured_media":34767,"comment_status":"open","ping_status":"closed","sticky":false,"template":"","format":"standard","meta":{"tdm_status":"","tdm_grid_status":"","footnotes":""},"categories":[22,370,353],"tags":[],"class_list":{"0":"post-108965","1":"post","2":"type-post","3":"status-publish","4":"format-standard","5":"has-post-thumbnail","7":"category-brasil","8":"category-inscricao","9":"category-oportunidades"},"_links":{"self":[{"href":"https:\/\/migracao.redenoticia.com.br\/noticia\/wp-json\/wp\/v2\/posts\/108965","targetHints":{"allow":["GET"]}}],"collection":[{"href":"https:\/\/migracao.redenoticia.com.br\/noticia\/wp-json\/wp\/v2\/posts"}],"about":[{"href":"https:\/\/migracao.redenoticia.com.br\/noticia\/wp-json\/wp\/v2\/types\/post"}],"author":[{"embeddable":true,"href":"https:\/\/migracao.redenoticia.com.br\/noticia\/wp-json\/wp\/v2\/users\/2"}],"replies":[{"embeddable":true,"href":"https:\/\/migracao.redenoticia.com.br\/noticia\/wp-json\/wp\/v2\/comments?post=108965"}],"version-history":[{"count":0,"href":"https:\/\/migracao.redenoticia.com.br\/noticia\/wp-json\/wp\/v2\/posts\/108965\/revisions"}],"wp:featuredmedia":[{"embeddable":true,"href":"https:\/\/migracao.redenoticia.com.br\/noticia\/wp-json\/wp\/v2\/media\/34767"}],"wp:attachment":[{"href":"https:\/\/migracao.redenoticia.com.br\/noticia\/wp-json\/wp\/v2\/media?parent=108965"}],"wp:term":[{"taxonomy":"category","embeddable":true,"href":"https:\/\/migracao.redenoticia.com.br\/noticia\/wp-json\/wp\/v2\/categories?post=108965"},{"taxonomy":"post_tag","embeddable":true,"href":"https:\/\/migracao.redenoticia.com.br\/noticia\/wp-json\/wp\/v2\/tags?post=108965"}],"curies":[{"name":"wp","href":"https:\/\/api.w.org\/{rel}","templated":true}]}}