{"id":108971,"date":"2017-03-15T00:33:24","date_gmt":"2017-03-15T03:33:24","guid":{"rendered":"http:\/\/www.redenoticia.com.br\/noticia\/?p=108971"},"modified":"2017-03-14T15:34:26","modified_gmt":"2017-03-14T18:34:26","slug":"vitamina-b-pode-ajudar-a-reduzir-danos-causados-pela-poluicao","status":"publish","type":"post","link":"https:\/\/migracao.redenoticia.com.br\/noticia\/2017\/vitamina-b-pode-ajudar-a-reduzir-danos-causados-pela-poluicao\/108971","title":{"rendered":"Vitamina B pode ajudar a reduzir danos causados pela polui\u00e7\u00e3o"},"content":{"rendered":"<p> Tomar vitaminas do complexo B pode ajudar a reduzir alguns dos <strong><em>efeitos nocivos da polui\u00e7\u00e3o do ar<\/em><\/strong>, mostra estudo divulgado pela Ag\u00eancia Xinhua. A pesquisa, coordenada por Jia Zhong, da Escola de Sa\u00fade P\u00fablica Mailman, da Universidade de Columbia, revelou que as vitaminas do complexo B, como o \u00e1cido f\u00f3lico e as vitaminas B6 e B12, podem desempenhar papel fundamental na redu\u00e7\u00e3o do impacto da polui\u00e7\u00e3o do ar sobre um tipo espec\u00edfico de modifica\u00e7\u00e3o gen\u00e9tica, que tem sido associada a doen\u00e7as cardiovasculares e at\u00e9 mesmo ao c\u00e2ncer.<\/p>\n<p>&#8220;O fundamento molecular mecanicista dos efeitos sobre a sa\u00fade da polui\u00e7\u00e3o do ar n\u00e3o s\u00e3o totalmente compreendidos, e a falta de op\u00e7\u00f5es preventivas individuais representa lacuna cr\u00edtica de conhecimento,&#8221; escreveram Zhong e seus colegas em um artigo.<\/p>\n<p>&#8220;Nosso estudo demonstrou os efeitos epigen\u00e9ticos da polui\u00e7\u00e3o do ar e sugeriu que as vitaminas B poderiam ser usadas como preven\u00e7\u00e3o para complementar as regulamenta\u00e7\u00f5es e atenuar o impacto dessa polui\u00e7\u00e3o&#8221;.<\/p>\n<p>O estudo, feito com pesquisadores da Escola de Sa\u00fade P\u00fablica TH Chan de Harvard, na Su\u00e9cia, China, Cingapura, M\u00e9xico e Canad\u00e1, foi publicado online na revista americana Proceedings of The National Academy of Sciences.<\/p>\n<p>Os pesquisadores administraram um placebo ou suplemento de vitamina B (2,5 mg de \u00e1cido f\u00f3lico, 50 mg de vitamina B6 e 1 mg de vitamina B12) diariamente a cada adulto recrutado para o estudo, que inclu\u00eda dez pessoas.<\/p>\n<p>Para participar da interven\u00e7\u00e3o, os volunt\u00e1rios deveriam ser n\u00e3o fumantes, saud\u00e1veis, de 18 a 60 anos de idade, que n\u00e3o estivessem tomando quaisquer medicamentos ou suplementos vitam\u00ednicos.<\/p>\n<p>Os resultados mostraram que a suplementa\u00e7\u00e3o de quatro semanas com vitamina B pode reduzir de 28% a 76% o dano causado pela exposi\u00e7\u00e3o \u00e0s part\u00edculas PM2,5, com di\u00e2metro aerodin\u00e2mico de 2,5 ou menos.<\/p>\n<p>Zhong disse \u00e0 Xinhua que o estudo ainda est\u00e1 em fase inicial e que atualmente n\u00e3o conseguiram recomendar a suplementa\u00e7\u00e3o de vitaminas do complexo B.<\/p>\n<p>Em vez disso, ela sugeriu manter uma dieta saud\u00e1vel e equilibrada, com fontes suficientes de vitaminas do complexo B.<\/p>\n<p>Em geral, essa suplementa\u00e7\u00e3o deve ser considerada com base na condi\u00e7\u00e3o do indiv\u00edduo e em consulta com a recomenda\u00e7\u00e3o de um m\u00e9dico, acrescentou.<\/p>\n<p>&#8220;Embora o controle e a regula\u00e7\u00e3o de emiss\u00f5es sejam a espinha dorsal da preven\u00e7\u00e3o, as altas exposi\u00e7\u00f5es s\u00e3o, infelizmente, a regra ainda em muitas megacidades em todo o mundo,&#8221; disse Andrea Baccarelli, professora e catedr\u00e1tica do Departamento de Ci\u00eancias da Sa\u00fade Ambiental da Escola Mailman.<\/p>\n<p>&#8220;Como indiv\u00edduos, temos poucas op\u00e7\u00f5es para nos proteger contra a polui\u00e7\u00e3o do ar, especialmente em \u00e1reas fortemente polu\u00eddas, s\u00e3o urgentemente necess\u00e1rias validar nossas descobertas e, finalmente, desenvolver interven\u00e7\u00f5es preventivas usando vitamina B para conter os efeitos da polui\u00e7\u00e3o do ar na sa\u00fade,&#8221; acrescentou Andrea.<\/p>\n<p>Ag\u00eancia Brasil &#8211; Da Ag\u00eancia Xinhua<br \/>\nEdi\u00e7\u00e3o: Gra\u00e7a Adjuto<br \/>\n15\/03\/2017<\/p>\n","protected":false},"excerpt":{"rendered":"<p>Tomar vitaminas do complexo B pode ajudar a reduzir alguns dos efeitos nocivos da polui\u00e7\u00e3o do ar, mostra estudo divulgado pela Ag\u00eancia Xinhua. A pesquisa, coordenada por Jia Zhong, da Escola de Sa\u00fade P\u00fablica Mailman, da Universidade de Columbia, revelou que as vitaminas do complexo B, como o \u00e1cido f\u00f3lico e as vitaminas B6 e [&hellip;]<\/p>\n","protected":false},"author":2,"featured_media":35207,"comment_status":"open","ping_status":"closed","sticky":false,"template":"","format":"standard","meta":{"tdm_status":"","tdm_grid_status":"","footnotes":""},"categories":[22,5],"tags":[],"class_list":{"0":"post-108971","1":"post","2":"type-post","3":"status-publish","4":"format-standard","5":"has-post-thumbnail","7":"category-brasil","8":"category-saude-e-vida"},"_links":{"self":[{"href":"https:\/\/migracao.redenoticia.com.br\/noticia\/wp-json\/wp\/v2\/posts\/108971","targetHints":{"allow":["GET"]}}],"collection":[{"href":"https:\/\/migracao.redenoticia.com.br\/noticia\/wp-json\/wp\/v2\/posts"}],"about":[{"href":"https:\/\/migracao.redenoticia.com.br\/noticia\/wp-json\/wp\/v2\/types\/post"}],"author":[{"embeddable":true,"href":"https:\/\/migracao.redenoticia.com.br\/noticia\/wp-json\/wp\/v2\/users\/2"}],"replies":[{"embeddable":true,"href":"https:\/\/migracao.redenoticia.com.br\/noticia\/wp-json\/wp\/v2\/comments?post=108971"}],"version-history":[{"count":0,"href":"https:\/\/migracao.redenoticia.com.br\/noticia\/wp-json\/wp\/v2\/posts\/108971\/revisions"}],"wp:featuredmedia":[{"embeddable":true,"href":"https:\/\/migracao.redenoticia.com.br\/noticia\/wp-json\/wp\/v2\/media\/35207"}],"wp:attachment":[{"href":"https:\/\/migracao.redenoticia.com.br\/noticia\/wp-json\/wp\/v2\/media?parent=108971"}],"wp:term":[{"taxonomy":"category","embeddable":true,"href":"https:\/\/migracao.redenoticia.com.br\/noticia\/wp-json\/wp\/v2\/categories?post=108971"},{"taxonomy":"post_tag","embeddable":true,"href":"https:\/\/migracao.redenoticia.com.br\/noticia\/wp-json\/wp\/v2\/tags?post=108971"}],"curies":[{"name":"wp","href":"https:\/\/api.w.org\/{rel}","templated":true}]}}