{"id":108973,"date":"2017-03-15T00:34:31","date_gmt":"2017-03-15T03:34:31","guid":{"rendered":"http:\/\/www.redenoticia.com.br\/noticia\/?p=108973"},"modified":"2017-03-14T15:35:30","modified_gmt":"2017-03-14T18:35:30","slug":"estado-do-rio-investiga-suspeita-de-primeira-morte-por-febre-amarela","status":"publish","type":"post","link":"https:\/\/migracao.redenoticia.com.br\/noticia\/2017\/estado-do-rio-investiga-suspeita-de-primeira-morte-por-febre-amarela\/108973","title":{"rendered":"Estado do Rio investiga suspeita de primeira morte por febre amarela"},"content":{"rendered":"<p> O estado do Rio de Janeiro investiga a primeira morte suspeita de <strong><em>febre amarela<\/em><\/strong>. A Secretaria Estadual de Sa\u00fade (SES) enviou para an\u00e1lise na Funda\u00e7\u00e3o Oswaldo Cruz (Fiocruz) amostras de sangue de Watila Santos, de 38 anos, morador da \u00e1rea rural de Casimiro de Abreu, na Baixada Litor\u00e2nea. Ele morreu no s\u00e1bado (11), no hospital municipal da cidade, onde deu entrada com queixas de dor de cabe\u00e7a, taquicardia, falta de ar, febre e dor no corpo.<\/p>\n<p>A morte ocorreu no mesmo dia em que a SES anunciou que pediu ao Minist\u00e9rio da Sa\u00fade para que o estado seja inclu\u00eddo na \u00e1rea de recomenda\u00e7\u00e3o de vacina contra a febre amarela. At\u00e9 agora, nenhum caso da doen\u00e7a foi registrado no estado, mas a inten\u00e7\u00e3o da secretaria \u00e9 expandir a estrat\u00e9gia de vacina\u00e7\u00e3o como medida preventiva, que j\u00e1 vem sendo adotada em 30 munic\u00edpios localizados nas divisas com os estados de Minas Gerais e do Esp\u00edrito Santo, onde houve casos confirmados da doen\u00e7a.<\/p>\n<p>Devem ser notificados pelos munic\u00edpios para investiga\u00e7\u00e3o os casos de indiv\u00edduos residentes ou que tenham retornado em at\u00e9 15 dias de alguma \u00e1rea com transmiss\u00e3o de febre amarela, que apresentem febre de at\u00e9 7 dias de dura\u00e7\u00e3o, acompanhada de dois ou mais dos seguintes sintomas: dor de cabe\u00e7a, dor muscular, dor nas articula\u00e7\u00f5es, v\u00f4mitos, colora\u00e7\u00e3o amarelada da pele, olhos e mucosas e manifesta\u00e7\u00f5es hemorr\u00e1gicas.<\/p>\n<p>Segundo o subsecret\u00e1rio de Vigil\u00e2ncia em Sa\u00fade da SES, Alexandre Chieppe, 36 casos foram notificados no estado. Nenhum caso de febre amarela transmitida no estado do Rio foi confirmado at\u00e9 o momento.<\/p>\n<p>\u201cFomos surpreendidos pelo maior surto de febre amarela silvestre da hist\u00f3ria do pa\u00eds que come\u00e7ou no final de 2016 e vem se alastrando por 2017. Os surtos no Brasil envolviam de 40 a 80 casos de febre amarela. A gente est\u00e1 com 1.456 casos notificados\u201d, disse o subsecret\u00e1rio, durante audi\u00eancia p\u00fablica na Comiss\u00e3o de Sa\u00fade da Assembleia Legislativa do Estado do Rio de Janeiro (Alerj).<\/p>\n<p>A SES estima que toda a popula\u00e7\u00e3o do estado, observadas as contraindica\u00e7\u00f5es, seja imunizada at\u00e9 o fim deste ano. Ao todo, a estimativa \u00e9 de que ser\u00e3o necess\u00e1rias cerca de 12 milh\u00f5es de doses. Para a primeira etapa, j\u00e1 foram solicitadas 3 milh\u00f5es de doses ao Minist\u00e9rio da Sa\u00fade. A previs\u00e3o \u00e9 de que a imuniza\u00e7\u00e3o seja intensificada a partir da \u00faltima semana deste m\u00eas.<\/p>\n<p>Com a campanha, todos os munic\u00edpios do estado passar\u00e3o a ser atendidos, alcan\u00e7ando 92 cidades. Beb\u00eas com menos 9 meses e pessoas com mais de 60 anos n\u00e3o ser\u00e3o vacinados, j\u00e1 que a imuniza\u00e7\u00e3o n\u00e3o \u00e9 isenta de riscos. \u201cN\u00e3o \u00e9 uma vacina simples. \u00c9 uma vacina de v\u00edrus atenuado e a gente tem maior precau\u00e7\u00e3o por causa dos eventos adversos principalmente em alguns grupos espec\u00edficos\u201d, afirmou Chieppe.<\/p>\n<p>Ana Cristina Campos \u2013 Rep\u00f3rter da Ag\u00eancia Brasil<br \/>\nEdi\u00e7\u00e3o: Denise Griesinger<br \/>\n15\/03\/2017<\/p>\n","protected":false},"excerpt":{"rendered":"<p>O estado do Rio de Janeiro investiga a primeira morte suspeita de febre amarela. A Secretaria Estadual de Sa\u00fade (SES) enviou para an\u00e1lise na Funda\u00e7\u00e3o Oswaldo Cruz (Fiocruz) amostras de sangue de Watila Santos, de 38 anos, morador da \u00e1rea rural de Casimiro de Abreu, na Baixada Litor\u00e2nea. Ele morreu no s\u00e1bado (11), no hospital [&hellip;]<\/p>\n","protected":false},"author":2,"featured_media":37376,"comment_status":"open","ping_status":"closed","sticky":false,"template":"","format":"standard","meta":{"tdm_status":"","tdm_grid_status":"","footnotes":""},"categories":[22,5],"tags":[],"class_list":{"0":"post-108973","1":"post","2":"type-post","3":"status-publish","4":"format-standard","5":"has-post-thumbnail","7":"category-brasil","8":"category-saude-e-vida"},"_links":{"self":[{"href":"https:\/\/migracao.redenoticia.com.br\/noticia\/wp-json\/wp\/v2\/posts\/108973","targetHints":{"allow":["GET"]}}],"collection":[{"href":"https:\/\/migracao.redenoticia.com.br\/noticia\/wp-json\/wp\/v2\/posts"}],"about":[{"href":"https:\/\/migracao.redenoticia.com.br\/noticia\/wp-json\/wp\/v2\/types\/post"}],"author":[{"embeddable":true,"href":"https:\/\/migracao.redenoticia.com.br\/noticia\/wp-json\/wp\/v2\/users\/2"}],"replies":[{"embeddable":true,"href":"https:\/\/migracao.redenoticia.com.br\/noticia\/wp-json\/wp\/v2\/comments?post=108973"}],"version-history":[{"count":0,"href":"https:\/\/migracao.redenoticia.com.br\/noticia\/wp-json\/wp\/v2\/posts\/108973\/revisions"}],"wp:featuredmedia":[{"embeddable":true,"href":"https:\/\/migracao.redenoticia.com.br\/noticia\/wp-json\/wp\/v2\/media\/37376"}],"wp:attachment":[{"href":"https:\/\/migracao.redenoticia.com.br\/noticia\/wp-json\/wp\/v2\/media?parent=108973"}],"wp:term":[{"taxonomy":"category","embeddable":true,"href":"https:\/\/migracao.redenoticia.com.br\/noticia\/wp-json\/wp\/v2\/categories?post=108973"},{"taxonomy":"post_tag","embeddable":true,"href":"https:\/\/migracao.redenoticia.com.br\/noticia\/wp-json\/wp\/v2\/tags?post=108973"}],"curies":[{"name":"wp","href":"https:\/\/api.w.org\/{rel}","templated":true}]}}