{"id":109,"date":"2009-04-07T22:03:00","date_gmt":"2009-04-08T01:03:00","guid":{"rendered":"http:\/\/www.redenoticia.com.br\/noticia\/?p=109"},"modified":"2009-04-09T22:37:32","modified_gmt":"2009-04-10T01:37:32","slug":"ipea-emprestimo-para-pessoa-fisica-no-brasil-chega-a-custar-dez-vezes-mais-do-que-na-europa","status":"publish","type":"post","link":"https:\/\/migracao.redenoticia.com.br\/noticia\/2009\/ipea-emprestimo-para-pessoa-fisica-no-brasil-chega-a-custar-dez-vezes-mais-do-que-na-europa\/109","title":{"rendered":"Ipea: empr\u00e9stimo para pessoa f\u00edsica no Brasil chega a custar dez vezes mais do que na Europa"},"content":{"rendered":"<p style=\"MARGIN: 0cm 0cm 0pt\"><img loading=\"lazy\" decoding=\"async\" class=\"alignleft\" src=\"http:\/\/farm4.static.flickr.com\/3553\/3422931950_278437a35d_o.jpg\" alt=\"\" width=\"384\" height=\"538\" \/>Uma compara\u00e7\u00e3o sobre o custo do cr\u00e9dito no Brasil e em outros pa\u00edses demonstra que as taxas brasileiras s\u00e3o bem mais altas do que as cobradas no exterior. Pesquisa divulgada hoje (7) pelo Instituto de Pesquisa Econ\u00f4mica Aplicada (Ipea) indica que o empr\u00e9stimo para pessoa f\u00edsica no Brasil chega a custar dez vezes mais do que em uma ag\u00eancia europ\u00e9ia do mesmo banco.<\/p>\n<p style=\"MARGIN: auto 0cm\">No caso de pessoa jur\u00eddica, o brasileiro tem que pagar quatro vezes pelo empr\u00e9stimo em rela\u00e7\u00e3o ao valor cobrado nos Estados Unidos e na chamada Zona do Euro, indica o estudo <em>Transforma\u00e7\u00f5es na Ind\u00fastria Banc\u00e1ria Brasileira e o Cen\u00e1rio de Crise<\/em>.<\/p>\n<p style=\"MARGIN: auto 0cm\">Apesar das diferen\u00e7as entre as taxas, o Ipea aponta &#8220;avan\u00e7o&#8221; na populariza\u00e7\u00e3o de servi\u00e7os banc\u00e1rios no Brasil, por meio opera\u00e7\u00f5es de correspondentes n\u00e3o-banc\u00e1rios. Em 2008, havia no pa\u00eds 84,3 mil correspondentes banc\u00e1rios em estabelecimentos como padarias, postos lot\u00e9ricos, farm\u00e1cias e ag\u00eancias dos Correios.<\/p>\n<p style=\"MARGIN: auto 0cm\">O estudomostra a evolu\u00e7\u00e3o da concentra\u00e7\u00e3o banc\u00e1ria no Brasil desde os anos 90, a divis\u00e3o dos ativos e dos dep\u00f3sitos entre as 20 maiores institui\u00e7\u00f5es no pa\u00eds, a reparti\u00e7\u00e3o entre bancos p\u00fablicos, privados e estrangeiros, e a concentra\u00e7\u00e3o de ag\u00eancias e do cr\u00e9dito no pa\u00eds, por grandes regi\u00f5es e por estado.<\/p>\n<p style=\"MARGIN: 0cm 0cm 0pt\">\u00a0<\/p>\n<p style=\"MARGIN: 0cm 0cm 0pt\">Paula Laboissi\u00e8re <em>Rep\u00f3rter da Ag\u00eancia Brasil<\/em><\/p>\n<p style=\"MARGIN: 0cm 0cm 0pt\">\u00a0<\/p>\n<p style=\"MARGIN: 0cm 0cm 0pt\">\u00a0<\/p>\n","protected":false},"excerpt":{"rendered":"<p>Uma compara\u00e7\u00e3o sobre o custo do cr\u00e9dito no Brasil e em outros pa\u00edses demonstra que as taxas brasileiras s\u00e3o bem mais altas do que as cobradas no exterior. Pesquisa divulgada hoje (7) pelo Instituto de Pesquisa Econ\u00f4mica Aplicada (Ipea) indica que o empr\u00e9stimo para pessoa f\u00edsica no Brasil chega a custar dez vezes mais do [&hellip;]<\/p>\n","protected":false},"author":2,"featured_media":0,"comment_status":"open","ping_status":"open","sticky":false,"template":"","format":"standard","meta":{"tdm_status":"","tdm_grid_status":"","footnotes":""},"categories":[7],"tags":[],"class_list":{"0":"post-109","1":"post","2":"type-post","3":"status-publish","4":"format-standard","6":"category-economia"},"_links":{"self":[{"href":"https:\/\/migracao.redenoticia.com.br\/noticia\/wp-json\/wp\/v2\/posts\/109","targetHints":{"allow":["GET"]}}],"collection":[{"href":"https:\/\/migracao.redenoticia.com.br\/noticia\/wp-json\/wp\/v2\/posts"}],"about":[{"href":"https:\/\/migracao.redenoticia.com.br\/noticia\/wp-json\/wp\/v2\/types\/post"}],"author":[{"embeddable":true,"href":"https:\/\/migracao.redenoticia.com.br\/noticia\/wp-json\/wp\/v2\/users\/2"}],"replies":[{"embeddable":true,"href":"https:\/\/migracao.redenoticia.com.br\/noticia\/wp-json\/wp\/v2\/comments?post=109"}],"version-history":[{"count":0,"href":"https:\/\/migracao.redenoticia.com.br\/noticia\/wp-json\/wp\/v2\/posts\/109\/revisions"}],"wp:attachment":[{"href":"https:\/\/migracao.redenoticia.com.br\/noticia\/wp-json\/wp\/v2\/media?parent=109"}],"wp:term":[{"taxonomy":"category","embeddable":true,"href":"https:\/\/migracao.redenoticia.com.br\/noticia\/wp-json\/wp\/v2\/categories?post=109"},{"taxonomy":"post_tag","embeddable":true,"href":"https:\/\/migracao.redenoticia.com.br\/noticia\/wp-json\/wp\/v2\/tags?post=109"}],"curies":[{"name":"wp","href":"https:\/\/api.w.org\/{rel}","templated":true}]}}