{"id":109011,"date":"2017-03-14T16:37:52","date_gmt":"2017-03-14T19:37:52","guid":{"rendered":"http:\/\/www.redenoticia.com.br\/noticia\/?p=109011"},"modified":"2017-03-14T16:37:52","modified_gmt":"2017-03-14T19:37:52","slug":"resumo-novela-carinha-de-anjo-1503-cecilia-conta-a-verdade-sobre-o-plano","status":"publish","type":"post","link":"https:\/\/migracao.redenoticia.com.br\/noticia\/2017\/resumo-novela-carinha-de-anjo-1503-cecilia-conta-a-verdade-sobre-o-plano\/109011","title":{"rendered":"Resumo novela \u201cCarinha de Anjo\u201d 15\/03: Cec\u00edlia conta a verdade sobre o plano"},"content":{"rendered":"<p> <img loading=\"lazy\" decoding=\"async\" class=\"alignleft size-thumbnail wp-image-99331\" src=\"https:\/\/migracao.redenoticia.com.br\/noticia\/imagens\/carinha_de_anjo_sbt_novela_resumo_capitulo-150x112.jpg\" alt=\"carinha_de_anjo_sbt_novela_resumo_capitulo\" width=\"150\" height=\"112\" srcset=\"https:\/\/migracao.redenoticia.com.br\/noticia\/imagens\/carinha_de_anjo_sbt_novela_resumo_capitulo-150x112.jpg 150w, https:\/\/migracao.redenoticia.com.br\/noticia\/imagens\/carinha_de_anjo_sbt_novela_resumo_capitulo-265x198.jpg 265w\" sizes=\"auto, (max-width: 150px) 100vw, 150px\" \/><strong><em>Resumo novela \u201cCarinha de Anjo\u201d 15\/03<\/em><\/strong>: no cap\u00edtulo 083 (*) da novela \u201cCarinha de Anjo\u201d, resumo de quarta-feira, 15 de mar\u00e7o, In\u00e1cio e Zeca tentam ensinar m\u00fasica para Z\u00e9 Felipe, como ler partitura. Fabiana e Cec\u00edlia contam para Dulce o plano para fazer Gustavo e Ver\u00f4nica se encontrarem no hospital para conversarem. Franciely escuta uma conversa entre Gustavo e Padre Miguel sobre Nicole e Dulce fazerem um comercial como se fossem m\u00e3e e filha. Dulce Maria dorme e vestida de m\u00e9dica conversa com a m\u00e3e em seus sonhos. Tereza diz que n\u00e3o se deve fingir que est\u00e1 doente. Silvana est\u00e1 estressada com o ac\u00famulo de fun\u00e7\u00e3o. Padre Miguel e Madre Superiora desconfiam do motivo que levou Fabiana e Dulce Maria at\u00e9 a cl\u00ednica do doutor Andr\u00e9. Pressionada, Cec\u00edlia conta a verdade para a religiosa. Veronica chega na cl\u00ednica e o plano \u00e9 desvendado para que ela e Gustavo possam conversar sobre os acontecimentos passados.<\/p>\n<p>(*) edi\u00e7\u00e3o do SBT, Novela \u201cCarinha de Anjo\u201d, sujeito a altera\u00e7\u00e3o de data e conte\u00fado.<\/p>\n<p>Carinha de Anjo \u00e9 uma telenovela brasileira produzida e exibida originalmente pelo SBT desde o dia 21 de novembro de 2016, substituindo o hor\u00e1rio anteriormente ocupado por C\u00famplices de um Resgate. A telenovela \u00e9 inspirada na mexicana Carita de \u00e1ngel, que, por sua vez, \u00e9 um remake de Mundo de juguete, ambas produzidas pela Televisa e que haviam sido baseadas na trama argentina escrita por Abel Santa Cruz, Pap\u00e1 coraz\u00f3n. Esta ser\u00e1 a segunda adapta\u00e7\u00e3o brasileira da obra original argentina, visto que a Rede Tupi apresentou em 1976 a sua primeira vers\u00e3o, chamada de Papai Cora\u00e7\u00e3o. A nova vers\u00e3o \u00e9 escrita por Leonor Corr\u00eaa, com supervis\u00e3o de \u00cdris Abravanel e dire\u00e7\u00e3o geral de Ricardo Mantoanelli. A trama conta com Lorena Queiroz, Bia Arantes, Carlo Porto, Priscila Sol, Dani Gondim, Karin Hils, Eliana Guttman e Lucero nos pap\u00e9is principais.<\/p>\n","protected":false},"excerpt":{"rendered":"<p>Resumo novela \u201cCarinha de Anjo\u201d 15\/03: no cap\u00edtulo 083 (*) da novela \u201cCarinha de Anjo\u201d, resumo de quarta-feira, 15 de mar\u00e7o, In\u00e1cio e Zeca tentam ensinar m\u00fasica para Z\u00e9 Felipe, como ler partitura. Fabiana e Cec\u00edlia contam para Dulce o plano para fazer Gustavo e Ver\u00f4nica se encontrarem no hospital para conversarem. Franciely escuta uma [&hellip;]<\/p>\n","protected":false},"author":2,"featured_media":99331,"comment_status":"open","ping_status":"closed","sticky":false,"template":"","format":"standard","meta":{"tdm_status":"","tdm_grid_status":"","footnotes":""},"categories":[452,379,372,343],"tags":[441],"class_list":{"0":"post-109011","1":"post","2":"type-post","3":"status-publish","4":"format-standard","5":"has-post-thumbnail","7":"category-carinha-de-anjo","8":"category-novelas","9":"category-sbt","10":"category-televisao","11":"tag-resumo-do-dia"},"_links":{"self":[{"href":"https:\/\/migracao.redenoticia.com.br\/noticia\/wp-json\/wp\/v2\/posts\/109011","targetHints":{"allow":["GET"]}}],"collection":[{"href":"https:\/\/migracao.redenoticia.com.br\/noticia\/wp-json\/wp\/v2\/posts"}],"about":[{"href":"https:\/\/migracao.redenoticia.com.br\/noticia\/wp-json\/wp\/v2\/types\/post"}],"author":[{"embeddable":true,"href":"https:\/\/migracao.redenoticia.com.br\/noticia\/wp-json\/wp\/v2\/users\/2"}],"replies":[{"embeddable":true,"href":"https:\/\/migracao.redenoticia.com.br\/noticia\/wp-json\/wp\/v2\/comments?post=109011"}],"version-history":[{"count":0,"href":"https:\/\/migracao.redenoticia.com.br\/noticia\/wp-json\/wp\/v2\/posts\/109011\/revisions"}],"wp:featuredmedia":[{"embeddable":true,"href":"https:\/\/migracao.redenoticia.com.br\/noticia\/wp-json\/wp\/v2\/media\/99331"}],"wp:attachment":[{"href":"https:\/\/migracao.redenoticia.com.br\/noticia\/wp-json\/wp\/v2\/media?parent=109011"}],"wp:term":[{"taxonomy":"category","embeddable":true,"href":"https:\/\/migracao.redenoticia.com.br\/noticia\/wp-json\/wp\/v2\/categories?post=109011"},{"taxonomy":"post_tag","embeddable":true,"href":"https:\/\/migracao.redenoticia.com.br\/noticia\/wp-json\/wp\/v2\/tags?post=109011"}],"curies":[{"name":"wp","href":"https:\/\/api.w.org\/{rel}","templated":true}]}}