{"id":109022,"date":"2017-03-14T16:42:57","date_gmt":"2017-03-14T19:42:57","guid":{"rendered":"http:\/\/www.redenoticia.com.br\/noticia\/?p=109022"},"modified":"2017-03-14T16:42:57","modified_gmt":"2017-03-14T19:42:57","slug":"resumo-novela-sol-nascente-1503-tanaka-e-baleado","status":"publish","type":"post","link":"https:\/\/migracao.redenoticia.com.br\/noticia\/2017\/resumo-novela-sol-nascente-1503-tanaka-e-baleado\/109022","title":{"rendered":"Resumo novela \u201cSol Nascente\u201d 15\/03: Tanaka \u00e9 baleado"},"content":{"rendered":"<p> <img loading=\"lazy\" decoding=\"async\" class=\"alignleft size-thumbnail wp-image-91714\" src=\"https:\/\/migracao.redenoticia.com.br\/noticia\/imagens\/sol_nascente_resumo_novela_globo-150x112.jpg\" alt=\"sol_nascente_resumo_novela_globo\" width=\"150\" height=\"112\" srcset=\"https:\/\/migracao.redenoticia.com.br\/noticia\/imagens\/sol_nascente_resumo_novela_globo-150x112.jpg 150w, https:\/\/migracao.redenoticia.com.br\/noticia\/imagens\/sol_nascente_resumo_novela_globo-265x198.jpg 265w\" sizes=\"auto, (max-width: 150px) 100vw, 150px\" \/><strong><em>Resumo novela \u201cSol Nascente\u201d 15\/03<\/em><\/strong>: no cap\u00edtulo 170 (*) da novela \u201cSol Nascente\u201d, resumo de quarta-feira, 15 de mar\u00e7o, Sinh\u00e1 afirma que deseja a fortuna de Tanaka. Alice implora que Mocinha volte para ajudar a resgatar seu pai. Ralf leva Milena \u00e0 faculdade e decide observar Daniel sem que ningu\u00e9m perceba. Paty diz a Lenita que vir\u00e1 com Marina ao Brasil. Mesquita invade a casa de Sinh\u00e1 \u00e0 procura de provas. Alice consegue fazer com que C\u00e9sar revele onde est\u00e1 Tanaka. Ana Clara contrata Loretta como recepcionista da pousada. Dora e Paula contam para Juli\u00e3o que Elisa deixou a cidade. Ralf interrompe a aula de Daniel e Milena se surpreende. Louzada e Mesquita chegam a Sinh\u00e1 e Cristiano, mas Tanaka \u00e9 baleado.<\/p>\n<p>(*) edi\u00e7\u00e3o da Rede Globo, Novela \u201cSol Nascente\u201d, sujeito a altera\u00e7\u00e3o de data e conte\u00fado.<\/p>\n<p>Sol Nascente \u00e9 uma telenovela brasileira produzida pela Rede Globo e exibida desde 29 de agosto de 2016, no hor\u00e1rio das 18 horas, substituindo \u00cata Mundo Bom!. Escrita por Walther Negr\u00e3o, Suzana Pires e J\u00falio Fischer, com a colabora\u00e7\u00e3o de Jackie Vellego e Fausto Galv\u00e3o, com dire\u00e7\u00e3o geral de Marcelo Travesso e Leonardo Nogueira, tamb\u00e9m diretor art\u00edstico. Conta com as participa\u00e7\u00f5es de Giovanna Antonelli, Bruno Gagliasso, Rafael Cardoso, Lu\u00eds Melo, Francisco Cuoco, Aracy Balabanian, Laura Cardoso e Marcello Novaes. <\/p>\n","protected":false},"excerpt":{"rendered":"<p>Resumo novela \u201cSol Nascente\u201d 15\/03: no cap\u00edtulo 170 (*) da novela \u201cSol Nascente\u201d, resumo de quarta-feira, 15 de mar\u00e7o, Sinh\u00e1 afirma que deseja a fortuna de Tanaka. Alice implora que Mocinha volte para ajudar a resgatar seu pai. Ralf leva Milena \u00e0 faculdade e decide observar Daniel sem que ningu\u00e9m perceba. Paty diz a Lenita [&hellip;]<\/p>\n","protected":false},"author":2,"featured_media":91714,"comment_status":"open","ping_status":"closed","sticky":false,"template":"","format":"standard","meta":{"tdm_status":"","tdm_grid_status":"","footnotes":""},"categories":[379,375,343],"tags":[441],"class_list":{"0":"post-109022","1":"post","2":"type-post","3":"status-publish","4":"format-standard","5":"has-post-thumbnail","7":"category-novelas","8":"category-rede-globo","9":"category-televisao","10":"tag-resumo-do-dia"},"_links":{"self":[{"href":"https:\/\/migracao.redenoticia.com.br\/noticia\/wp-json\/wp\/v2\/posts\/109022","targetHints":{"allow":["GET"]}}],"collection":[{"href":"https:\/\/migracao.redenoticia.com.br\/noticia\/wp-json\/wp\/v2\/posts"}],"about":[{"href":"https:\/\/migracao.redenoticia.com.br\/noticia\/wp-json\/wp\/v2\/types\/post"}],"author":[{"embeddable":true,"href":"https:\/\/migracao.redenoticia.com.br\/noticia\/wp-json\/wp\/v2\/users\/2"}],"replies":[{"embeddable":true,"href":"https:\/\/migracao.redenoticia.com.br\/noticia\/wp-json\/wp\/v2\/comments?post=109022"}],"version-history":[{"count":0,"href":"https:\/\/migracao.redenoticia.com.br\/noticia\/wp-json\/wp\/v2\/posts\/109022\/revisions"}],"wp:featuredmedia":[{"embeddable":true,"href":"https:\/\/migracao.redenoticia.com.br\/noticia\/wp-json\/wp\/v2\/media\/91714"}],"wp:attachment":[{"href":"https:\/\/migracao.redenoticia.com.br\/noticia\/wp-json\/wp\/v2\/media?parent=109022"}],"wp:term":[{"taxonomy":"category","embeddable":true,"href":"https:\/\/migracao.redenoticia.com.br\/noticia\/wp-json\/wp\/v2\/categories?post=109022"},{"taxonomy":"post_tag","embeddable":true,"href":"https:\/\/migracao.redenoticia.com.br\/noticia\/wp-json\/wp\/v2\/tags?post=109022"}],"curies":[{"name":"wp","href":"https:\/\/api.w.org\/{rel}","templated":true}]}}