{"id":109025,"date":"2017-03-14T16:43:57","date_gmt":"2017-03-14T19:43:57","guid":{"rendered":"http:\/\/www.redenoticia.com.br\/noticia\/?p=109025"},"modified":"2017-03-14T16:43:57","modified_gmt":"2017-03-14T19:43:57","slug":"resumo-novela-rock-story-1503-leo-se-interessa-por-manu","status":"publish","type":"post","link":"https:\/\/migracao.redenoticia.com.br\/noticia\/2017\/resumo-novela-rock-story-1503-leo-se-interessa-por-manu\/109025","title":{"rendered":"Resumo novela \u201cRock Story\u201d 15\/03: L\u00e9o se interessa por Manu"},"content":{"rendered":"<p> <img loading=\"lazy\" decoding=\"async\" class=\"alignleft size-thumbnail wp-image-97429\" src=\"https:\/\/migracao.redenoticia.com.br\/noticia\/imagens\/logo_rock_story-150x112.jpg\" alt=\"logo_rock_story\" width=\"150\" height=\"112\" srcset=\"https:\/\/migracao.redenoticia.com.br\/noticia\/imagens\/logo_rock_story-150x112.jpg 150w, https:\/\/migracao.redenoticia.com.br\/noticia\/imagens\/logo_rock_story-265x198.jpg 265w\" sizes=\"auto, (max-width: 150px) 100vw, 150px\" \/><strong><em>Resumo novela \u201cRock Story\u201d 15\/03<\/em><\/strong>: no cap\u00edtulo 109 (*) da novela \u201cRock Story\u201d, resumo de quarta-feira, 15 de mar\u00e7o, J\u00falia pede para Gui n\u00e3o ir mais visit\u00e1-la. Eva se irrita quando Manu decide reclamar sua parte na heran\u00e7a. Cely diz a J\u00falia que ela n\u00e3o deveria ter afastado Gui. Tom conta a Diana que J\u00falia terminou o relacionamento com Gui. Yasmin diz a N\u00e9ia que Manu faz sucesso na Europa como DJ. Tom tenta beijar Amanda, que \u00e9 obrigada por Edith a contar que pode ser filha de Nelson. Eva confessa a Gordo que est\u00e1 ficando complicado tratar de Gui, depois de conviver com Diana. Vanessa questiona Amanda por ter escondido que pode ser filha de Nelson. Nelson diz a Amanda que precisa fazer um teste de DNA. L\u00e9o se interessa por Manu. Zac faz uma surpresa para Yasmin. Gui excede na bebida e Diana aparece no bar em que ele est\u00e1 para lev\u00e1-lo para casa.<\/p>\n<p>(*) edi\u00e7\u00e3o da Rede Globo, Novela \u201cRock Story\u201d, sujeito a altera\u00e7\u00e3o de data e conte\u00fado.<\/p>\n<p>Rock Story \u00e9 uma telenovela brasileira produzida pela Rede Globo, para o hor\u00e1rio das 19 horas, com estreia em 9 de novembro de 2016, substituindo Haja Cora\u00e7\u00e3o. Escrita por Maria Helena Nascimento, com supervis\u00e3o de texto de Ricardo Linhares, \u00e9 escrita com a colabora\u00e7\u00e3o de \u00c2ngela Chaves, Cl\u00e1udio Lisboa, Chico Soares e Daisy Chaves, com dire\u00e7\u00e3o geral de Maria de M\u00e9dicis e dire\u00e7\u00e3o art\u00edstica de Dennis Carvalho. Conta com as participa\u00e7\u00f5es de Vladimir Brichta, Nathalia Dill, Alinne Moraes, Rafael Vitti, Jo\u00e3o de Castro, Viviane Ara\u00fajo, Nicolas Prattes e Caio Paduan. <\/p>\n","protected":false},"excerpt":{"rendered":"<p>Resumo novela \u201cRock Story\u201d 15\/03: no cap\u00edtulo 109 (*) da novela \u201cRock Story\u201d, resumo de quarta-feira, 15 de mar\u00e7o, J\u00falia pede para Gui n\u00e3o ir mais visit\u00e1-la. Eva se irrita quando Manu decide reclamar sua parte na heran\u00e7a. Cely diz a J\u00falia que ela n\u00e3o deveria ter afastado Gui. Tom conta a Diana que J\u00falia [&hellip;]<\/p>\n","protected":false},"author":2,"featured_media":97429,"comment_status":"open","ping_status":"closed","sticky":false,"template":"","format":"standard","meta":{"tdm_status":"","tdm_grid_status":"","footnotes":""},"categories":[379,375,343],"tags":[441],"class_list":{"0":"post-109025","1":"post","2":"type-post","3":"status-publish","4":"format-standard","5":"has-post-thumbnail","7":"category-novelas","8":"category-rede-globo","9":"category-televisao","10":"tag-resumo-do-dia"},"_links":{"self":[{"href":"https:\/\/migracao.redenoticia.com.br\/noticia\/wp-json\/wp\/v2\/posts\/109025","targetHints":{"allow":["GET"]}}],"collection":[{"href":"https:\/\/migracao.redenoticia.com.br\/noticia\/wp-json\/wp\/v2\/posts"}],"about":[{"href":"https:\/\/migracao.redenoticia.com.br\/noticia\/wp-json\/wp\/v2\/types\/post"}],"author":[{"embeddable":true,"href":"https:\/\/migracao.redenoticia.com.br\/noticia\/wp-json\/wp\/v2\/users\/2"}],"replies":[{"embeddable":true,"href":"https:\/\/migracao.redenoticia.com.br\/noticia\/wp-json\/wp\/v2\/comments?post=109025"}],"version-history":[{"count":0,"href":"https:\/\/migracao.redenoticia.com.br\/noticia\/wp-json\/wp\/v2\/posts\/109025\/revisions"}],"wp:featuredmedia":[{"embeddable":true,"href":"https:\/\/migracao.redenoticia.com.br\/noticia\/wp-json\/wp\/v2\/media\/97429"}],"wp:attachment":[{"href":"https:\/\/migracao.redenoticia.com.br\/noticia\/wp-json\/wp\/v2\/media?parent=109025"}],"wp:term":[{"taxonomy":"category","embeddable":true,"href":"https:\/\/migracao.redenoticia.com.br\/noticia\/wp-json\/wp\/v2\/categories?post=109025"},{"taxonomy":"post_tag","embeddable":true,"href":"https:\/\/migracao.redenoticia.com.br\/noticia\/wp-json\/wp\/v2\/tags?post=109025"}],"curies":[{"name":"wp","href":"https:\/\/api.w.org\/{rel}","templated":true}]}}