{"id":109026,"date":"2017-03-14T16:45:09","date_gmt":"2017-03-14T19:45:09","guid":{"rendered":"http:\/\/www.redenoticia.com.br\/noticia\/?p=109026"},"modified":"2017-03-14T16:45:09","modified_gmt":"2017-03-14T19:45:09","slug":"resumo-novela-a-lei-do-amor-1503-tiao-e-levado-a-delegacia","status":"publish","type":"post","link":"https:\/\/migracao.redenoticia.com.br\/noticia\/2017\/resumo-novela-a-lei-do-amor-1503-tiao-e-levado-a-delegacia\/109026","title":{"rendered":"Resumo novela \u201cA Lei do Amor\u201d 15\/03: Ti\u00e3o \u00e9 levado \u00e0 delegacia"},"content":{"rendered":"<p> <img loading=\"lazy\" decoding=\"async\" class=\"alignleft size-thumbnail wp-image-94887\" src=\"https:\/\/migracao.redenoticia.com.br\/noticia\/imagens\/a_lei_do_amor_resumo_novela_globo-150x112.jpg\" alt=\"a_lei_do_amor_resumo_novela_globo\" width=\"150\" height=\"112\" srcset=\"https:\/\/migracao.redenoticia.com.br\/noticia\/imagens\/a_lei_do_amor_resumo_novela_globo-150x112.jpg 150w, https:\/\/migracao.redenoticia.com.br\/noticia\/imagens\/a_lei_do_amor_resumo_novela_globo-265x198.jpg 265w\" sizes=\"auto, (max-width: 150px) 100vw, 150px\" \/><strong><em>Resumo novela \u201cA Lei do Amor\u201d 15\/03<\/em><\/strong>: no cap\u00edtulo 141 (*) da novela \u201cA Lei do Amor\u201d, resumo de quarta-feira, 15 de mar\u00e7o, Magn\u00f3lia destr\u00f3i o celular de Ti\u00e3o. Vit\u00f3ria pensa em como descobrir o que aconteceu na festa de Venturini. Ana Luiza estranha por n\u00e3o conseguir falar com Elio. Luciane se surpreende quando H\u00e9rcules a defende para Salete. Venturini fica tenso com a presen\u00e7a de Mileide. Misael teme n\u00e3o conseguir ficar com Fl\u00e1via. Pedro e Ana Luiza encontram o corpo de Elio. Hel\u00f4 fica chocada com a morte de Elio. Pedro conta para o delegado que Elio estava com o celular de Ti\u00e3o. Tiago n\u00e3o acredita na culpa de Magn\u00f3lia. Salete tenta consolar Fl\u00e1via. Celso descobre quem \u00e9 o dono da arma encontrada perto de Elio. Pedro chora abra\u00e7ado a Hel\u00f4 e Laura se incomoda. Ti\u00e3o \u00e9 levado \u00e0 delegacia.<\/p>\n<p>(*) edi\u00e7\u00e3o da Rede Globo, Novela \u201cA Lei do Amor\u201d, sujeito a altera\u00e7\u00e3o de data e conte\u00fado.<\/p>\n<p>A Lei do Amor \u00e9 uma telenovela brasileira produzida e exibida pela Rede Globo desde 3 de outubro de 2016, substituindo Velho Chico. Criada e escrita por Maria Adelaide Amaral e Vincent Villari, conta com colabora\u00e7\u00e3o de \u00c1lvaro Ramos, Juliano Righetto, Let\u00edcia Mey, Marta Nehring, Paola Prestes e Rodrigo Amaral, sob dire\u00e7\u00e3o de Oscar Francisco, Andr\u00e9 Barros, Giovanna Machline e Nat\u00e1lia Warth, dire\u00e7\u00e3o geral de Nat\u00e1lia Grimberg e Denise Saraceni, tamb\u00e9m diretora art\u00edstica. Conta com a participa\u00e7\u00e3o de Reynaldo Gianecchini, Cl\u00e1udia Abreu, Jos\u00e9 Mayer, Vera Holtz, Tarc\u00edsio Meira, Thiago Lacerda, Isabella Santoni e Humberto Carr\u00e3o nos papeis principais.<\/p>\n","protected":false},"excerpt":{"rendered":"<p>Resumo novela \u201cA Lei do Amor\u201d 15\/03: no cap\u00edtulo 141 (*) da novela \u201cA Lei do Amor\u201d, resumo de quarta-feira, 15 de mar\u00e7o, Magn\u00f3lia destr\u00f3i o celular de Ti\u00e3o. Vit\u00f3ria pensa em como descobrir o que aconteceu na festa de Venturini. Ana Luiza estranha por n\u00e3o conseguir falar com Elio. Luciane se surpreende quando H\u00e9rcules [&hellip;]<\/p>\n","protected":false},"author":2,"featured_media":94887,"comment_status":"open","ping_status":"closed","sticky":false,"template":"","format":"standard","meta":{"tdm_status":"","tdm_grid_status":"","footnotes":""},"categories":[379,375,343],"tags":[441],"class_list":{"0":"post-109026","1":"post","2":"type-post","3":"status-publish","4":"format-standard","5":"has-post-thumbnail","7":"category-novelas","8":"category-rede-globo","9":"category-televisao","10":"tag-resumo-do-dia"},"_links":{"self":[{"href":"https:\/\/migracao.redenoticia.com.br\/noticia\/wp-json\/wp\/v2\/posts\/109026","targetHints":{"allow":["GET"]}}],"collection":[{"href":"https:\/\/migracao.redenoticia.com.br\/noticia\/wp-json\/wp\/v2\/posts"}],"about":[{"href":"https:\/\/migracao.redenoticia.com.br\/noticia\/wp-json\/wp\/v2\/types\/post"}],"author":[{"embeddable":true,"href":"https:\/\/migracao.redenoticia.com.br\/noticia\/wp-json\/wp\/v2\/users\/2"}],"replies":[{"embeddable":true,"href":"https:\/\/migracao.redenoticia.com.br\/noticia\/wp-json\/wp\/v2\/comments?post=109026"}],"version-history":[{"count":0,"href":"https:\/\/migracao.redenoticia.com.br\/noticia\/wp-json\/wp\/v2\/posts\/109026\/revisions"}],"wp:featuredmedia":[{"embeddable":true,"href":"https:\/\/migracao.redenoticia.com.br\/noticia\/wp-json\/wp\/v2\/media\/94887"}],"wp:attachment":[{"href":"https:\/\/migracao.redenoticia.com.br\/noticia\/wp-json\/wp\/v2\/media?parent=109026"}],"wp:term":[{"taxonomy":"category","embeddable":true,"href":"https:\/\/migracao.redenoticia.com.br\/noticia\/wp-json\/wp\/v2\/categories?post=109026"},{"taxonomy":"post_tag","embeddable":true,"href":"https:\/\/migracao.redenoticia.com.br\/noticia\/wp-json\/wp\/v2\/tags?post=109026"}],"curies":[{"name":"wp","href":"https:\/\/api.w.org\/{rel}","templated":true}]}}