{"id":109060,"date":"2017-03-15T16:33:34","date_gmt":"2017-03-15T19:33:34","guid":{"rendered":"http:\/\/www.redenoticia.com.br\/noticia\/?p=109060"},"modified":"2017-03-15T13:39:07","modified_gmt":"2017-03-15T16:39:07","slug":"resumo-novela-carinha-de-anjo-1603-frida-e-barbara-pintam-o-rosto-de-dulce-maria","status":"publish","type":"post","link":"https:\/\/migracao.redenoticia.com.br\/noticia\/2017\/resumo-novela-carinha-de-anjo-1603-frida-e-barbara-pintam-o-rosto-de-dulce-maria\/109060","title":{"rendered":"Resumo novela \u201cCarinha de Anjo\u201d 16\/03: Frida e B\u00e1rbara pintam o rosto de Dulce Maria"},"content":{"rendered":"<p><img loading=\"lazy\" decoding=\"async\" class=\"alignleft size-thumbnail wp-image-99331\" src=\"https:\/\/migracao.redenoticia.com.br\/noticia\/imagens\/carinha_de_anjo_sbt_novela_resumo_capitulo-150x112.jpg\" alt=\"carinha_de_anjo_sbt_novela_resumo_capitulo\" width=\"150\" height=\"112\" srcset=\"https:\/\/migracao.redenoticia.com.br\/noticia\/imagens\/carinha_de_anjo_sbt_novela_resumo_capitulo-150x112.jpg 150w, https:\/\/migracao.redenoticia.com.br\/noticia\/imagens\/carinha_de_anjo_sbt_novela_resumo_capitulo-265x198.jpg 265w\" sizes=\"auto, (max-width: 150px) 100vw, 150px\" \/><strong><em>Resumo novela \u201cCarinha de Anjo\u201d 16\/03<\/em><\/strong>: no cap\u00edtulo 084 (*) da novela \u201cCarinha de Anjo\u201d, resumo de quinta-feira, 16 de mar\u00e7o, Ver\u00f4nica e Gustavo fazem as pazes e o empres\u00e1rio convida a mulher para voltar a ser sua secret\u00e1ria. In\u00e1cio e Diana discordam sobre o futuro de Z\u00e9 Felipe e Zeca. F\u00e1tima come\u00e7a a desconfiar que Fl\u00e1vio pode ter lhe enganado quanto ao assalto. Haydee aconselha Fl\u00e1vio a n\u00e3o ignorar F\u00e1tima para que ela n\u00e3o desconfie do plano. O vil\u00e3o diz que far\u00e1 isso e que devolver\u00e1 o dinheiro, pois quer aplicar um golpe maior contra a irm\u00e3 de Cec\u00edlia. Gustavo diz para Nicole para esquecerem por um momento o comercial dela com Dulce. Fabiana descobre que vai dar aula para Z\u00e9 Felipe, que quer fazer dupla com Zeca. Nicole fica enciumada ao saber que Gustavo ficou preso no consult\u00f3rio com Veronica. Frida e B\u00e1rbara armam um novo plano contra Dulce Maria, dessa vez na hora de dormir. Elas pintam o rosto da carinha de anjo, que dorme.<\/p>\n<p>(*) edi\u00e7\u00e3o do SBT, Novela \u201cCarinha de Anjo\u201d, sujeito a altera\u00e7\u00e3o de data e conte\u00fado.<\/p>\n<p>Carinha de Anjo \u00e9 uma telenovela brasileira produzida e exibida originalmente pelo SBT desde o dia 21 de novembro de 2016, substituindo o hor\u00e1rio anteriormente ocupado por C\u00famplices de um Resgate. A telenovela \u00e9 inspirada na mexicana Carita de \u00e1ngel, que, por sua vez, \u00e9 um remake de Mundo de juguete, ambas produzidas pela Televisa e que haviam sido baseadas na trama argentina escrita por Abel Santa Cruz, Pap\u00e1 coraz\u00f3n. Esta ser\u00e1 a segunda adapta\u00e7\u00e3o brasileira da obra original argentina, visto que a Rede Tupi apresentou em 1976 a sua primeira vers\u00e3o, chamada de Papai Cora\u00e7\u00e3o. A nova vers\u00e3o \u00e9 escrita por Leonor Corr\u00eaa, com supervis\u00e3o de \u00cdris Abravanel e dire\u00e7\u00e3o geral de Ricardo Mantoanelli. A trama conta com Lorena Queiroz, Bia Arantes, Carlo Porto, Priscila Sol, Dani Gondim, Karin Hils, Eliana Guttman e Lucero nos pap\u00e9is principais.<\/p>\n","protected":false},"excerpt":{"rendered":"<p>Resumo novela \u201cCarinha de Anjo\u201d 16\/03: no cap\u00edtulo 084 (*) da novela \u201cCarinha de Anjo\u201d, resumo de quinta-feira, 16 de mar\u00e7o, Ver\u00f4nica e Gustavo fazem as pazes e o empres\u00e1rio convida a mulher para voltar a ser sua secret\u00e1ria. In\u00e1cio e Diana discordam sobre o futuro de Z\u00e9 Felipe e Zeca. F\u00e1tima come\u00e7a a desconfiar [&hellip;]<\/p>\n","protected":false},"author":4,"featured_media":99331,"comment_status":"open","ping_status":"closed","sticky":false,"template":"","format":"standard","meta":{"tdm_status":"","tdm_grid_status":"","footnotes":""},"categories":[452,379,372,343],"tags":[441],"class_list":{"0":"post-109060","1":"post","2":"type-post","3":"status-publish","4":"format-standard","5":"has-post-thumbnail","7":"category-carinha-de-anjo","8":"category-novelas","9":"category-sbt","10":"category-televisao","11":"tag-resumo-do-dia"},"_links":{"self":[{"href":"https:\/\/migracao.redenoticia.com.br\/noticia\/wp-json\/wp\/v2\/posts\/109060","targetHints":{"allow":["GET"]}}],"collection":[{"href":"https:\/\/migracao.redenoticia.com.br\/noticia\/wp-json\/wp\/v2\/posts"}],"about":[{"href":"https:\/\/migracao.redenoticia.com.br\/noticia\/wp-json\/wp\/v2\/types\/post"}],"author":[{"embeddable":true,"href":"https:\/\/migracao.redenoticia.com.br\/noticia\/wp-json\/wp\/v2\/users\/4"}],"replies":[{"embeddable":true,"href":"https:\/\/migracao.redenoticia.com.br\/noticia\/wp-json\/wp\/v2\/comments?post=109060"}],"version-history":[{"count":0,"href":"https:\/\/migracao.redenoticia.com.br\/noticia\/wp-json\/wp\/v2\/posts\/109060\/revisions"}],"wp:featuredmedia":[{"embeddable":true,"href":"https:\/\/migracao.redenoticia.com.br\/noticia\/wp-json\/wp\/v2\/media\/99331"}],"wp:attachment":[{"href":"https:\/\/migracao.redenoticia.com.br\/noticia\/wp-json\/wp\/v2\/media?parent=109060"}],"wp:term":[{"taxonomy":"category","embeddable":true,"href":"https:\/\/migracao.redenoticia.com.br\/noticia\/wp-json\/wp\/v2\/categories?post=109060"},{"taxonomy":"post_tag","embeddable":true,"href":"https:\/\/migracao.redenoticia.com.br\/noticia\/wp-json\/wp\/v2\/tags?post=109060"}],"curies":[{"name":"wp","href":"https:\/\/api.w.org\/{rel}","templated":true}]}}