{"id":109242,"date":"2017-03-20T00:20:39","date_gmt":"2017-03-20T03:20:39","guid":{"rendered":"http:\/\/www.redenoticia.com.br\/noticia\/?p=109242"},"modified":"2017-03-19T21:41:18","modified_gmt":"2017-03-20T00:41:18","slug":"inep-divulga-notas-dos-treineiros-no-enem-nesta-segunda-feira","status":"publish","type":"post","link":"https:\/\/migracao.redenoticia.com.br\/noticia\/2017\/inep-divulga-notas-dos-treineiros-no-enem-nesta-segunda-feira\/109242","title":{"rendered":"Inep divulga notas dos treineiros no Enem nesta segunda-feira"},"content":{"rendered":"<p>Os <strong><em>treineiros<\/em><\/strong> &#8211; candidatos que ainda n\u00e3o conclu\u00edram o ensino m\u00e9dio &#8211; ter\u00e3o acesso \u00e0s notas do Exame Nacional do Ensino M\u00e9dio (Enem) \u00e0 meia-noite desta segunda-feira (20). Para saber quanto tiraram nas provas os estudantes ter\u00e3o que acessar a .<\/p>\n<p>As notas do Enem dos demais candidatos foram divulgadas no dia 18 de janeiro. Os treineiros, no entanto, t\u00eam o resultado divulgado depois para que n\u00e3o possam participar dos processos seletivos para vagas no ensino superior p\u00fablico, como Sistema de Sele\u00e7\u00e3o Unificada, e bolsas em institui\u00e7\u00f5es privadas, pelo Programa Universidade para Todos. As vagas no ensino superior s\u00e3o voltadas apenas aqueles que conclu\u00edram o ensino m\u00e9dio.<\/p>\n<p>Na edi\u00e7\u00e3o de 2016, foram 1.344.060 treineiros inscritos, o que representa 16% do total.<\/p>\n<p>Se esses participantes tiverem feito a edi\u00e7\u00e3o anterior, em sua p\u00e1gina de resultados aparecer\u00e1 a nota de 2015. Esse grupo de candidatos representa 16% do total de inscritos no Enem 2016.<\/p>\n<p>Ao todo, mais de 6,1 milh\u00f5es de candidatos fizeram o Enem no ano passado.<\/p>\n<p>Mariana Tokarnia &#8211; Rep\u00f3rter da Ag\u00eancia Brasil<br \/>\nEdi\u00e7\u00e3o: Val\u00e9ria Aguiar<br \/>\n20\/03\/2017<\/p>\n","protected":false},"excerpt":{"rendered":"<p>Os treineiros &#8211; candidatos que ainda n\u00e3o conclu\u00edram o ensino m\u00e9dio &#8211; ter\u00e3o acesso \u00e0s notas do Exame Nacional do Ensino M\u00e9dio (Enem) \u00e0 meia-noite desta segunda-feira (20). Para saber quanto tiraram nas provas os estudantes ter\u00e3o que acessar a . As notas do Enem dos demais candidatos foram divulgadas no dia 18 de janeiro. [&hellip;]<\/p>\n","protected":false},"author":2,"featured_media":36938,"comment_status":"open","ping_status":"closed","sticky":false,"template":"","format":"standard","meta":{"tdm_status":"","tdm_grid_status":"","footnotes":""},"categories":[22,370,295],"tags":[],"class_list":{"0":"post-109242","1":"post","2":"type-post","3":"status-publish","4":"format-standard","5":"has-post-thumbnail","7":"category-brasil","8":"category-inscricao","9":"category-vestibular"},"_links":{"self":[{"href":"https:\/\/migracao.redenoticia.com.br\/noticia\/wp-json\/wp\/v2\/posts\/109242","targetHints":{"allow":["GET"]}}],"collection":[{"href":"https:\/\/migracao.redenoticia.com.br\/noticia\/wp-json\/wp\/v2\/posts"}],"about":[{"href":"https:\/\/migracao.redenoticia.com.br\/noticia\/wp-json\/wp\/v2\/types\/post"}],"author":[{"embeddable":true,"href":"https:\/\/migracao.redenoticia.com.br\/noticia\/wp-json\/wp\/v2\/users\/2"}],"replies":[{"embeddable":true,"href":"https:\/\/migracao.redenoticia.com.br\/noticia\/wp-json\/wp\/v2\/comments?post=109242"}],"version-history":[{"count":0,"href":"https:\/\/migracao.redenoticia.com.br\/noticia\/wp-json\/wp\/v2\/posts\/109242\/revisions"}],"wp:featuredmedia":[{"embeddable":true,"href":"https:\/\/migracao.redenoticia.com.br\/noticia\/wp-json\/wp\/v2\/media\/36938"}],"wp:attachment":[{"href":"https:\/\/migracao.redenoticia.com.br\/noticia\/wp-json\/wp\/v2\/media?parent=109242"}],"wp:term":[{"taxonomy":"category","embeddable":true,"href":"https:\/\/migracao.redenoticia.com.br\/noticia\/wp-json\/wp\/v2\/categories?post=109242"},{"taxonomy":"post_tag","embeddable":true,"href":"https:\/\/migracao.redenoticia.com.br\/noticia\/wp-json\/wp\/v2\/tags?post=109242"}],"curies":[{"name":"wp","href":"https:\/\/api.w.org\/{rel}","templated":true}]}}