{"id":109292,"date":"2017-04-10T22:29:18","date_gmt":"2017-04-11T01:29:18","guid":{"rendered":"http:\/\/www.redenoticia.com.br\/noticia\/?p=109292"},"modified":"2018-08-13T10:38:44","modified_gmt":"2018-08-13T13:38:44","slug":"bbb-17-enquete-qual-brother-nao-deve-ser-finalista","status":"publish","type":"post","link":"https:\/\/migracao.redenoticia.com.br\/noticia\/2017\/bbb-17-enquete-qual-brother-nao-deve-ser-finalista\/109292","title":{"rendered":"\u201cBBB\u201d 17 enquete: qual brother n\u00e3o deve ser finalista"},"content":{"rendered":"<p><!--NoAds--><br \/>\n<img loading=\"lazy\" decoding=\"async\" class=\"alignleft size-thumbnail wp-image-64480\" src=\"https:\/\/migracao.redenoticia.com.br\/noticia\/imagens\/bbb_votacao_enquete_paredao_prova-150x112.jpg\" alt=\"\" width=\"150\" height=\"112\" srcset=\"https:\/\/migracao.redenoticia.com.br\/noticia\/imagens\/bbb_votacao_enquete_paredao_prova-150x112.jpg 150w, https:\/\/migracao.redenoticia.com.br\/noticia\/imagens\/bbb_votacao_enquete_paredao_prova-265x198.jpg 265w\" sizes=\"auto, (max-width: 150px) 100vw, 150px\" \/><strong><em>&#8220;BBB&#8221; 17 enquete<\/em><\/strong>: o programa est\u00e1 na reta final. Ap\u00f3s a elimina\u00e7\u00e3o de Marinalva, quatro participantes ainda disputam o pr\u00eamio: a advogada Vivian Amorim, de 23 anos, Natural de Manaus (AM), ela foi Miss Amazonas 2012; Ga\u00facho de Porto Alegre, Marcos Harter \u00e9 cirurgi\u00e3o pl\u00e1stico e tem 37 anos; Ieda tem 70 anos, \u00e9 aposentada e vem de Canoas, do Rio Grande do Sul; Emilly, 20 anos, solteira, estudante, de Eldorado do Sul (RS). Entre estes sobreviventes, vote no brother que n\u00e3o deve levar o pr\u00eamio:<\/p>\n<p><script type=\"text\/javascript\" charset=\"utf-8\" src=\"https:\/\/secure.polldaddy.com\/p\/9720428.js\"><\/script><noscript><a href=\"https:\/\/polldaddy.com\/poll\/9720428\/\">Qual brother n\u00e3o deve ser finalista?<\/a><\/noscript><\/p>\n<p>Marcos foi expulso do programa e as finalistas s\u00e3o Emilly, Ieda e Vivian.<\/p>\n<p>Not\u00edcias relacionadas<\/p>\n<p>&#8212;<br \/>\nEnquete anterior com Marinalva<\/p>\n<p><script type=\"text\/javascript\" charset=\"utf-8\" src=\"https:\/\/secure.polldaddy.com\/p\/9716477.js\"><\/script><br \/>\n<noscript><\/noscript><\/p>\n<p>Enquete anterior com Ilmar<\/p>\n<p><script type=\"text\/javascript\" charset=\"utf-8\" src=\"https:\/\/secure.polldaddy.com\/p\/9708431.js\"><\/script><br \/>\n<noscript><\/noscript><br \/>\n&#8212;<br \/>\nEnquete anterior com Daniel<\/p>\n<p><script type=\"text\/javascript\" charset=\"utf-8\" src=\"https:\/\/secure.polldaddy.com\/p\/9702571.js\"><\/script><br \/>\n<noscript><\/noscript><\/p>\n<p>Enquete anterior com R\u00f4mulo<\/p>\n<p><script type=\"text\/javascript\" charset=\"utf-8\" src=\"https:\/\/secure.polldaddy.com\/p\/9698839.js\"><\/script><br \/>\n<noscript><\/noscript><\/p>\n<p>Concorrentes: Vivian, Ieda e Emilly.<\/p>\n<p>Fonte e imagem &#8220;BBB&#8221; 17 Rede Globo<\/p>\n","protected":false},"excerpt":{"rendered":"<p>&#8220;BBB&#8221; 17 enquete: o programa est\u00e1 na reta final. Ap\u00f3s a elimina\u00e7\u00e3o de Marinalva, quatro participantes ainda disputam o pr\u00eamio: a advogada Vivian Amorim, de 23 anos, Natural de Manaus (AM), ela foi Miss Amazonas 2012; Ga\u00facho de Porto Alegre, Marcos Harter \u00e9 cirurgi\u00e3o pl\u00e1stico e tem 37 anos; Ieda tem 70 anos, \u00e9 aposentada [&hellip;]<\/p>\n","protected":false},"author":2,"featured_media":64480,"comment_status":"open","ping_status":"closed","sticky":false,"template":"","format":"standard","meta":{"tdm_status":"","tdm_grid_status":"","footnotes":""},"categories":[520,375,343],"tags":[440],"class_list":{"0":"post-109292","1":"post","2":"type-post","3":"status-publish","4":"format-standard","5":"has-post-thumbnail","7":"category-big-brother-brasil","8":"category-rede-globo","9":"category-televisao","10":"tag-noticia-novela"},"_links":{"self":[{"href":"https:\/\/migracao.redenoticia.com.br\/noticia\/wp-json\/wp\/v2\/posts\/109292","targetHints":{"allow":["GET"]}}],"collection":[{"href":"https:\/\/migracao.redenoticia.com.br\/noticia\/wp-json\/wp\/v2\/posts"}],"about":[{"href":"https:\/\/migracao.redenoticia.com.br\/noticia\/wp-json\/wp\/v2\/types\/post"}],"author":[{"embeddable":true,"href":"https:\/\/migracao.redenoticia.com.br\/noticia\/wp-json\/wp\/v2\/users\/2"}],"replies":[{"embeddable":true,"href":"https:\/\/migracao.redenoticia.com.br\/noticia\/wp-json\/wp\/v2\/comments?post=109292"}],"version-history":[{"count":0,"href":"https:\/\/migracao.redenoticia.com.br\/noticia\/wp-json\/wp\/v2\/posts\/109292\/revisions"}],"wp:featuredmedia":[{"embeddable":true,"href":"https:\/\/migracao.redenoticia.com.br\/noticia\/wp-json\/wp\/v2\/media\/64480"}],"wp:attachment":[{"href":"https:\/\/migracao.redenoticia.com.br\/noticia\/wp-json\/wp\/v2\/media?parent=109292"}],"wp:term":[{"taxonomy":"category","embeddable":true,"href":"https:\/\/migracao.redenoticia.com.br\/noticia\/wp-json\/wp\/v2\/categories?post=109292"},{"taxonomy":"post_tag","embeddable":true,"href":"https:\/\/migracao.redenoticia.com.br\/noticia\/wp-json\/wp\/v2\/tags?post=109292"}],"curies":[{"name":"wp","href":"https:\/\/api.w.org\/{rel}","templated":true}]}}