{"id":109411,"date":"2017-03-20T16:32:25","date_gmt":"2017-03-20T19:32:25","guid":{"rendered":"http:\/\/www.redenoticia.com.br\/noticia\/?p=109411"},"modified":"2017-03-20T14:04:19","modified_gmt":"2017-03-20T17:04:19","slug":"resumo-novela-o-que-a-vida-me-roubou-2103-demetrio-e-montserrat-visitam-angelica","status":"publish","type":"post","link":"https:\/\/migracao.redenoticia.com.br\/noticia\/2017\/resumo-novela-o-que-a-vida-me-roubou-2103-demetrio-e-montserrat-visitam-angelica\/109411","title":{"rendered":"Resumo novela \u201cO Que A Vida Me Roubou\u201d 21\/03: Dem\u00e9trio e Montserrat visitam Ang\u00e9lica"},"content":{"rendered":"<p><img loading=\"lazy\" decoding=\"async\" src=\"https:\/\/migracao.redenoticia.com.br\/noticia\/imagens\/o-que-a-vida-me-roubou-novela-resumo-sbt-150x112.jpg\" alt=\"\" width=\"150\" height=\"112\" class=\"alignleft size-thumbnail wp-image-105656\" srcset=\"https:\/\/migracao.redenoticia.com.br\/noticia\/imagens\/o-que-a-vida-me-roubou-novela-resumo-sbt-150x112.jpg 150w, https:\/\/migracao.redenoticia.com.br\/noticia\/imagens\/o-que-a-vida-me-roubou-novela-resumo-sbt-265x198.jpg 265w\" sizes=\"auto, (max-width: 150px) 100vw, 150px\" \/><strong><em>Resumo novela \u201cO Que A Vida Me Roubou\u201d 21\/03<\/em><\/strong>: no cap\u00edtulo 037 (*) da novela \u201cO Que A Vida Me Roubou\u201d, resumo de ter\u00e7a-feira, 21 de mar\u00e7o, na fazenda \u201cAlmonte\u201d, todos partem para a feira. Dominga, na cozinha, se surpreende pela chegada de Mac\u00e1rio, que foi deportado dos Estados Unidos. Dominga lhe explica que o dono da fazenda agora \u00e9 Alessandro. Ent\u00e3o, Mac\u00e1rio devia pedir um emprego se desejar seguir por ali. Na feira do povoado, Alessandro, Montserrat, Maria, Adolfo e Dem\u00e9trio encontram Antonio, Renato e Ang\u00e9lica. Todos v\u00e3o para uma rinha de galos. Montserrat se zanga e pede a Alessandro para irem embora. Um homem enviado por Loreto e Joventino tenta assassinar Alessandro, mas Antonio desarma o homem e come\u00e7am uma briga. Ang\u00e9lica desmaia e todos a levam para a caminhonete. Loreto se zanga porque Joventino n\u00e3o cumpriu suas ordens. Joaquim chega \u00e0 fazenda \u201cAlmonte\u201d preocupado com sua filha. Ele agradece a Alessandro e Dem\u00e9trio por terem cuidado dela, mas menospreza Antonio. Mac\u00e1rio pede trabalho a Alessandro, que aceita que ele trabalhe na fazenda. Renato insiste a Jos\u00e9 Luis que busquem Montserrat. Loreto prop\u00f5e a Alessandro que cuide de sua seguran\u00e7a, mas Alessandro se nega e Antonio comenta que ele pode treinar alguns pe\u00f5es para cuidar da seguran\u00e7a de toda a fazenda. Loreto se zanga e se retira. Alessandro pergunta a Antonio se ele conheceu Jos\u00e9 Luis, mas Montserrat chega e os interrompe, dizendo que ama Alessandro. Loreto pede a Joventino que assalte a fazenda com seus homens para que Alessandro suplique por prote\u00e7\u00e3o. Am\u00e9lia, em sua fazenda, diz a sua filha que se ela n\u00e3o melhorar logo, a levar\u00e1 a uma consulta na capital. Dem\u00e9trio e Montserrat visitam Ang\u00e9lica, que pede a Montserrat que Jos\u00e9 Luis a visite e, como amigas, avisa que lutar\u00e1 pelo amor de Jos\u00e9 Luis. Montserrat se preocupa.<\/p>\n<p>(*) edi\u00e7\u00e3o do SBT, Novela \u201cO Que A Vida Me Roubou\u201d, sujeito a altera\u00e7\u00e3o de data e conte\u00fado.<\/p>\n<p>Lo que la vida me rob\u00f3 (no Brasil, O Que a Vida Me Roubou) \u00e9 uma telenovela mexicana produzida por Angelli Nesma Medina para Televisa e exibida pelo Canal de las Estrellas entre 28 de outubro de 2013 e 27 de julho de 2014 em 196 cap\u00edtulos, substituindo La tempestad e sendo substitu\u00edda por Hasta el fin del mundo. A original \u00e9 de Caridad Bravo Adams, sendo esta um remake modernizado das novelas Bodas de odio e Amor real, produzidas em 1983 e 2003, respectivamente. Tem Angelique Boyer, Sebasti\u00e1n Rulli, Luis Roberto Guzm\u00e1n, Daniela Castro, Grettell Vald\u00e9z, Sergio Sendel e Lisset nos papeis principais.<\/p>\n","protected":false},"excerpt":{"rendered":"<p>Resumo novela \u201cO Que A Vida Me Roubou\u201d 21\/03: no cap\u00edtulo 037 (*) da novela \u201cO Que A Vida Me Roubou\u201d, resumo de ter\u00e7a-feira, 21 de mar\u00e7o, na fazenda \u201cAlmonte\u201d, todos partem para a feira. Dominga, na cozinha, se surpreende pela chegada de Mac\u00e1rio, que foi deportado dos Estados Unidos. Dominga lhe explica que o [&hellip;]<\/p>\n","protected":false},"author":4,"featured_media":105656,"comment_status":"open","ping_status":"closed","sticky":false,"template":"","format":"standard","meta":{"tdm_status":"","tdm_grid_status":"","footnotes":""},"categories":[379,372,343],"tags":[441],"class_list":{"0":"post-109411","1":"post","2":"type-post","3":"status-publish","4":"format-standard","5":"has-post-thumbnail","7":"category-novelas","8":"category-sbt","9":"category-televisao","10":"tag-resumo-do-dia"},"_links":{"self":[{"href":"https:\/\/migracao.redenoticia.com.br\/noticia\/wp-json\/wp\/v2\/posts\/109411","targetHints":{"allow":["GET"]}}],"collection":[{"href":"https:\/\/migracao.redenoticia.com.br\/noticia\/wp-json\/wp\/v2\/posts"}],"about":[{"href":"https:\/\/migracao.redenoticia.com.br\/noticia\/wp-json\/wp\/v2\/types\/post"}],"author":[{"embeddable":true,"href":"https:\/\/migracao.redenoticia.com.br\/noticia\/wp-json\/wp\/v2\/users\/4"}],"replies":[{"embeddable":true,"href":"https:\/\/migracao.redenoticia.com.br\/noticia\/wp-json\/wp\/v2\/comments?post=109411"}],"version-history":[{"count":0,"href":"https:\/\/migracao.redenoticia.com.br\/noticia\/wp-json\/wp\/v2\/posts\/109411\/revisions"}],"wp:featuredmedia":[{"embeddable":true,"href":"https:\/\/migracao.redenoticia.com.br\/noticia\/wp-json\/wp\/v2\/media\/105656"}],"wp:attachment":[{"href":"https:\/\/migracao.redenoticia.com.br\/noticia\/wp-json\/wp\/v2\/media?parent=109411"}],"wp:term":[{"taxonomy":"category","embeddable":true,"href":"https:\/\/migracao.redenoticia.com.br\/noticia\/wp-json\/wp\/v2\/categories?post=109411"},{"taxonomy":"post_tag","embeddable":true,"href":"https:\/\/migracao.redenoticia.com.br\/noticia\/wp-json\/wp\/v2\/tags?post=109411"}],"curies":[{"name":"wp","href":"https:\/\/api.w.org\/{rel}","templated":true}]}}