{"id":109437,"date":"2017-03-21T00:30:13","date_gmt":"2017-03-21T03:30:13","guid":{"rendered":"http:\/\/www.redenoticia.com.br\/noticia\/?p=109437"},"modified":"2017-03-20T15:31:52","modified_gmt":"2017-03-20T18:31:52","slug":"treinamento-tecnico-em-bioquimica-com-bolsa-da-fapesp-2","status":"publish","type":"post","link":"https:\/\/migracao.redenoticia.com.br\/noticia\/2017\/treinamento-tecnico-em-bioquimica-com-bolsa-da-fapesp-2\/109437","title":{"rendered":"Treinamento T\u00e9cnico em Bioqu\u00edmica com Bolsa da FAPESP"},"content":{"rendered":"<p>Ag\u00eancia FAPESP \u2013 O  da Universidade Estadual de Campinas (SGC-Unicamp) \u2013\u00a0constitu\u00eddo em 2015 e apoiado pela FAPESP no \u00e2mbito do Programa de Apoio \u00e0 Pesquisa em Parceria para Inova\u00e7\u00e3o Tecnol\u00f3gica (PITE) \u2013 oferece uma oportunidade de <em><strong>Treinamento T\u00e9cnico (TT-3) em Bioqu\u00edmica<\/strong><\/em> com Bolsa da Funda\u00e7\u00e3o. O prazo de inscri\u00e7\u00e3o encerra em 30 de mar\u00e7o.<\/p>\n<p>Vinculado ao Structural Genomics Consortium (SGC) \u2013 que re\u00fane em diversos pa\u00edses mais de 400 cientistas de universidades, ind\u00fastrias farmac\u00eauticas e entidades sem fins lucrativos \u2013, o centro da Unicamp investiga a fun\u00e7\u00e3o de prote\u00ednas do tipo quinase, respons\u00e1veis por regular processos importantes do organismo, como divis\u00e3o, prolifera\u00e7\u00e3o e diferencia\u00e7\u00e3o celular.<\/p>\n<p>O bolsista desenvolver\u00e1 atividades como cultura de c\u00e9lulas de insetos para express\u00e3o de prote\u00ednas e cultura de c\u00e9lulas de mam\u00edfero e express\u00e3o e purifica\u00e7\u00e3o de prote\u00ednas e cristalografia.<\/p>\n<p>Os interessados dever\u00e3o enviar para o e-mail sgc.unicamp.applications@gmail.com\u00a0curr\u00edculo vitae, carta de interesse (tr\u00eas par\u00e1grafos, em ingl\u00eas) explicando o interesse em trabalhar no SGC e como suas habilidades poder\u00e3o contribuir para o sucesso do laborat\u00f3rio, al\u00e9m do nome, endere\u00e7o de e-mail e n\u00famero de telefone de duas pessoas que poder\u00e3o dar recomenda\u00e7\u00e3o sobre seu trabalho.<\/p>\n<p>A oportunidade est\u00e1 publicada em .<\/p>\n<p>Para mais informa\u00e7\u00f5es sobre as bolsas de Treinamento T\u00e9cnico acesse e .<\/p>\n<p>Informa\u00e7\u00f5es sobre valores das bolsas TT est\u00e3o dispon\u00edveis no endere\u00e7o .<\/p>\n","protected":false},"excerpt":{"rendered":"<p>Ag\u00eancia FAPESP \u2013 O da Universidade Estadual de Campinas (SGC-Unicamp) \u2013\u00a0constitu\u00eddo em 2015 e apoiado pela FAPESP no \u00e2mbito do Programa de Apoio \u00e0 Pesquisa em Parceria para Inova\u00e7\u00e3o Tecnol\u00f3gica (PITE) \u2013 oferece uma oportunidade de Treinamento T\u00e9cnico (TT-3) em Bioqu\u00edmica com Bolsa da Funda\u00e7\u00e3o. O prazo de inscri\u00e7\u00e3o encerra em 30 de mar\u00e7o. Vinculado [&hellip;]<\/p>\n","protected":false},"author":2,"featured_media":34864,"comment_status":"open","ping_status":"closed","sticky":false,"template":"","format":"standard","meta":{"tdm_status":"","tdm_grid_status":"","footnotes":""},"categories":[22,351,370],"tags":[],"class_list":{"0":"post-109437","1":"post","2":"type-post","3":"status-publish","4":"format-standard","5":"has-post-thumbnail","7":"category-brasil","8":"category-cursos","9":"category-inscricao"},"_links":{"self":[{"href":"https:\/\/migracao.redenoticia.com.br\/noticia\/wp-json\/wp\/v2\/posts\/109437","targetHints":{"allow":["GET"]}}],"collection":[{"href":"https:\/\/migracao.redenoticia.com.br\/noticia\/wp-json\/wp\/v2\/posts"}],"about":[{"href":"https:\/\/migracao.redenoticia.com.br\/noticia\/wp-json\/wp\/v2\/types\/post"}],"author":[{"embeddable":true,"href":"https:\/\/migracao.redenoticia.com.br\/noticia\/wp-json\/wp\/v2\/users\/2"}],"replies":[{"embeddable":true,"href":"https:\/\/migracao.redenoticia.com.br\/noticia\/wp-json\/wp\/v2\/comments?post=109437"}],"version-history":[{"count":0,"href":"https:\/\/migracao.redenoticia.com.br\/noticia\/wp-json\/wp\/v2\/posts\/109437\/revisions"}],"wp:featuredmedia":[{"embeddable":true,"href":"https:\/\/migracao.redenoticia.com.br\/noticia\/wp-json\/wp\/v2\/media\/34864"}],"wp:attachment":[{"href":"https:\/\/migracao.redenoticia.com.br\/noticia\/wp-json\/wp\/v2\/media?parent=109437"}],"wp:term":[{"taxonomy":"category","embeddable":true,"href":"https:\/\/migracao.redenoticia.com.br\/noticia\/wp-json\/wp\/v2\/categories?post=109437"},{"taxonomy":"post_tag","embeddable":true,"href":"https:\/\/migracao.redenoticia.com.br\/noticia\/wp-json\/wp\/v2\/tags?post=109437"}],"curies":[{"name":"wp","href":"https:\/\/api.w.org\/{rel}","templated":true}]}}