{"id":109445,"date":"2017-03-21T00:34:33","date_gmt":"2017-03-21T03:34:33","guid":{"rendered":"http:\/\/www.redenoticia.com.br\/noticia\/?p=109445"},"modified":"2017-03-20T15:36:30","modified_gmt":"2017-03-20T18:36:30","slug":"espca-em-metodologia-em-ciencias-humanas-abre-inscricoes","status":"publish","type":"post","link":"https:\/\/migracao.redenoticia.com.br\/noticia\/2017\/espca-em-metodologia-em-ciencias-humanas-abre-inscricoes\/109445","title":{"rendered":"ESPCA em Metodologia em Ci\u00eancias Humanas abre inscri\u00e7\u00f5es"},"content":{"rendered":"<p> Elton Alisson\u00a0 | \u00a0Ag\u00eancia FAPESP \u2013 Est\u00e3o abertas at\u00e9 o dia 30 de mar\u00e7o as inscri\u00e7\u00f5es para a <em><strong>S\u00e3o Paulo School of Advanced Science on Research Methods for the Humanities<\/strong><\/em>. Apoiado pela FAPESP, no \u00e2mbito da modalidade  (ESPCA), o evento ser\u00e1 realizado entre os dias 10 e 21 de julho no Instituto de Filosofia e Ci\u00eancias Humanas da Universidade Estadual de Campinas (IFCH-Unicamp).<\/p>\n<p>Ser\u00e3o selecionados 100 alunos da \u00e1rea de Ci\u00eancias Humanas, entre graduandos, mestrandos, doutorandos e p\u00f3s-doutorandos, sendo, aproximadamente, 50% brasileiros e 50% estrangeiros, para participar da Escola.<\/p>\n<p>Para se candidatar, os interessados devem apresentar uma declara\u00e7\u00e3o de prop\u00f3sito, especificando a import\u00e2ncia da participa\u00e7\u00e3o na Escola para sua forma\u00e7\u00e3o acad\u00eamica e a data prevista para a conclus\u00e3o de seu curso de gradua\u00e7\u00e3o ou de p\u00f3s-gradua\u00e7\u00e3o.<\/p>\n<p>Al\u00e9m disso, devem apresentar um resumo de uma p\u00e1gina do projeto de pesquisa que desenvolvem, al\u00e9m de uma carta de recomenda\u00e7\u00e3o de seu orientador ou supervisor, sua produ\u00e7\u00e3o acad\u00eamica e um curr\u00edculo com informa\u00e7\u00f5es relevantes sobre o trabalho cient\u00edfico que realizam \u2013 incluindo publica\u00e7\u00f5es em revistas cient\u00edficas internacionais.<\/p>\n<p>As inscri\u00e7\u00f5es devem ser feitas pelo site .<\/p>\n<p>\u201cO objetivo da Escola \u00e9 fornecer subs\u00eddios para que os participantes possam acompanhar a evolu\u00e7\u00e3o do ponto de vista metodol\u00f3gico que tem ocorrido nas Ci\u00eancias Sociais e que tem revolucionado a forma de se fazer pesquisa na \u00e1rea\u201d, disse Andr\u00e9a Freitas, professora do Departamento de Ci\u00eancia Pol\u00edtica do IFCH-Unicamp e membro da comiss\u00e3o organizadora do evento, \u00e0 Ag\u00eancia FAPESP.<\/p>\n<p>\u201cTem se tornado cada vez mais dif\u00edcil para os estudantes de Ci\u00eancias Humanas se conectarem \u00e0s pesquisas de ponta na \u00e1rea sem que tenham algum conhecimento sobre t\u00e9cnicas computacionais e metodologias espec\u00edficas. O campo da Ci\u00eancias Humanas tem passado por uma verdadeira revolu\u00e7\u00e3o tecnol\u00f3gica\u201d, avaliou.<\/p>\n<p>A programa\u00e7\u00e3o da Escola ser\u00e1 composta por oito cursos com dura\u00e7\u00e3o de uma semana e carga hor\u00e1ria de 20 horas, que ser\u00e3o ministrados em ingl\u00eas por especialistas do Brasil e do exterior.<\/p>\n<p>Os alunos admitidos dever\u00e3o se matricular em dois dos oitos cursos oferecidos. Os cursos oferecidos s\u00e3o: \u201cCausal Inference\u201d, \u201cDigital Ethnography\u201d, \u201cEvent History Analysis\u201d, \u201cExperiments in the Social Sciences\u201d, \u201cKinship Networks\u201d, \u201cMultilevel Analysis for the Social Sciences\u201d, \u201cMethods for Subnational Population Projections\u201d e \u201cArchival Ethnography: The Intersection of Anthropology and History\u201d.<\/p>\n<p>No curso \u201cEvent History Analysis\u201d, que ser\u00e1 ministrado por Beno\u00eet Laplante, professor do Institut National de la Recherche Scientifique (INRS), do Canad\u00e1, ser\u00e1 feita uma introdu\u00e7\u00e3o ao uso da an\u00e1lise de sobreviv\u00eancia nas Ci\u00eancias Sociais e como deve ser feita a recolha, armazenamento e manuseamento de dados biogr\u00e1ficos.<\/p>\n<p>E nos cursos \u201cCausal Inference\u201d e Experiments in the Social Sciences\u201d, os participantes ter\u00e3o a oportunidade de conhecer uma das \u00e1reas que mais t\u00eam crescido nas Ci\u00eancias Sociais em raz\u00e3o da possibilidade de utilizar a opini\u00e3o de pessoas dadas voluntariamente na internet como dado para an\u00e1lise de comportamento.<\/p>\n<p>\u201cOs cursos oferecer\u00e3o uma vis\u00e3o abrangente de infer\u00eancia causal aplicada a quase-experimentos e experimentos naturais\u201d, explicou Freitas. \u201cIsso tem sido bastante usado na \u00e1rea de Ci\u00eancias Humanas e tende a crescer enormemente porque permite estabelecer de forma mais objetiva a rela\u00e7\u00e3o causal entre fen\u00f4menos\u201d, afirmou.<\/p>\n<p>Na \u00e1rea de Ci\u00eancia Pol\u00edtica t\u00eam sido realizados estudos para entender o comportamento dos membros do Legislativo brasileiro em que, al\u00e9m de vari\u00e1veis tradicionalmente utilizadas, como a vota\u00e7\u00e3o dos deputados federais e a posi\u00e7\u00e3o deles em rela\u00e7\u00e3o aos projetos em pauta, tamb\u00e9m foram obtidas suas opini\u00f5es no Twitter e dados sobre suas hist\u00f3rias de vida, exemplificou a pesquisadora.<\/p>\n<p>\u201cAntes faz\u00edamos pesquisas tendo acesso a um conjunto muito restrito de dados. Hoje, com a evolu\u00e7\u00e3o computacional, o processamento de dados n\u00e3o \u00e9 mais um limitador, assim como os dados a que temos acesso tamb\u00e9m s\u00e3o muito mais diversificados. Precisamos estar atentos \u00e0s inova\u00e7\u00f5es e a Escola proporcionar\u00e1 o contato com estas t\u00e9cnicas\u201d, avaliou.<\/p>\n<p>Durante a Escola, os participantes tamb\u00e9m ter\u00e3o a oportunidade de apresentar seus projetos de pesquisas para os professores e discutir com eles sobre as possibilidades e solu\u00e7\u00f5es para o encaminhamento de seus trabalhos utilizando novas metodologias.<\/p>\n","protected":false},"excerpt":{"rendered":"<p>Elton Alisson\u00a0 | \u00a0Ag\u00eancia FAPESP \u2013 Est\u00e3o abertas at\u00e9 o dia 30 de mar\u00e7o as inscri\u00e7\u00f5es para a S\u00e3o Paulo School of Advanced Science on Research Methods for the Humanities. Apoiado pela FAPESP, no \u00e2mbito da modalidade (ESPCA), o evento ser\u00e1 realizado entre os dias 10 e 21 de julho no Instituto de Filosofia e [&hellip;]<\/p>\n","protected":false},"author":2,"featured_media":37419,"comment_status":"open","ping_status":"closed","sticky":false,"template":"","format":"standard","meta":{"tdm_status":"","tdm_grid_status":"","footnotes":""},"categories":[22,351,370],"tags":[],"class_list":{"0":"post-109445","1":"post","2":"type-post","3":"status-publish","4":"format-standard","5":"has-post-thumbnail","7":"category-brasil","8":"category-cursos","9":"category-inscricao"},"_links":{"self":[{"href":"https:\/\/migracao.redenoticia.com.br\/noticia\/wp-json\/wp\/v2\/posts\/109445","targetHints":{"allow":["GET"]}}],"collection":[{"href":"https:\/\/migracao.redenoticia.com.br\/noticia\/wp-json\/wp\/v2\/posts"}],"about":[{"href":"https:\/\/migracao.redenoticia.com.br\/noticia\/wp-json\/wp\/v2\/types\/post"}],"author":[{"embeddable":true,"href":"https:\/\/migracao.redenoticia.com.br\/noticia\/wp-json\/wp\/v2\/users\/2"}],"replies":[{"embeddable":true,"href":"https:\/\/migracao.redenoticia.com.br\/noticia\/wp-json\/wp\/v2\/comments?post=109445"}],"version-history":[{"count":0,"href":"https:\/\/migracao.redenoticia.com.br\/noticia\/wp-json\/wp\/v2\/posts\/109445\/revisions"}],"wp:featuredmedia":[{"embeddable":true,"href":"https:\/\/migracao.redenoticia.com.br\/noticia\/wp-json\/wp\/v2\/media\/37419"}],"wp:attachment":[{"href":"https:\/\/migracao.redenoticia.com.br\/noticia\/wp-json\/wp\/v2\/media?parent=109445"}],"wp:term":[{"taxonomy":"category","embeddable":true,"href":"https:\/\/migracao.redenoticia.com.br\/noticia\/wp-json\/wp\/v2\/categories?post=109445"},{"taxonomy":"post_tag","embeddable":true,"href":"https:\/\/migracao.redenoticia.com.br\/noticia\/wp-json\/wp\/v2\/tags?post=109445"}],"curies":[{"name":"wp","href":"https:\/\/api.w.org\/{rel}","templated":true}]}}