{"id":109447,"date":"2017-03-21T00:36:53","date_gmt":"2017-03-21T03:36:53","guid":{"rendered":"http:\/\/www.redenoticia.com.br\/noticia\/?p=109447"},"modified":"2017-03-20T15:38:35","modified_gmt":"2017-03-20T18:38:35","slug":"vacinacao-contra-a-febre-amarela-sera-intensificada-na-cidade-do-rio","status":"publish","type":"post","link":"https:\/\/migracao.redenoticia.com.br\/noticia\/2017\/vacinacao-contra-a-febre-amarela-sera-intensificada-na-cidade-do-rio\/109447","title":{"rendered":"Vacina\u00e7\u00e3o contra a febre amarela ser\u00e1 intensificada na cidade do Rio"},"content":{"rendered":"<p> As 233 unidades de aten\u00e7\u00e3o b\u00e1sica do munic\u00edpio do Rio v\u00e3o aplicar a <strong><em>vacina contra a febre amarela<\/em><\/strong> no pr\u00f3ximo s\u00e1bado (25). Atualmente, apenas os 34 postos da capital disponibilizam a vacina\u00e7\u00e3o, que tem uma campanha prevista para a pr\u00f3xima semana. Com a medida, ser\u00e1 poss\u00edvel fazer a imuniza\u00e7\u00e3o em qualquer cl\u00ednica da fam\u00edlia ou centro municipal de sa\u00fade da cidade at\u00e9 o fim do ano.<\/p>\n<p>Com a mobiliza\u00e7\u00e3o a ser iniciada no pr\u00f3ximo dia 27, o Rio de Janeiro se soma aos 64 munic\u00edpios do estado em que a campanha contra a febre amarela j\u00e1 est\u00e1 sendo feita. Dois casos foram confirmados em Casimiro de Abreu, e uma pessoa morreu. Mais quatro pessoas dessa cidade est\u00e3o internadas com suspeita da doen\u00e7a.<\/p>\n<p>Hoje, a Secretaria Municipal de Sa\u00fade do Rio ampliou a vacina\u00e7\u00e3o nos 34 postos de sa\u00fade, elevando o n\u00famero de doses para 250 por dia. &#8220;No entanto, desde a semana passada, por causa da alta demanda, h\u00e1 postos que j\u00e1 superam essas doses. No s\u00e1bado, por exemplo, os tr\u00eas postos da zona sul vacinaram 1.300 pessoas&#8221;, informa o \u00f3rg\u00e3o em nota.<\/p>\n<p> A secretaria pede que n\u00e3o haja correria aos postos e reitera que a cidade ainda n\u00e3o registrou casos da doen\u00e7a. Por enquanto, a vacina\u00e7\u00e3o na cidade do Rio continua a ser recomendada apenas a quem vai viajar para locais em que h\u00e1 risco de cont\u00e1gio ou em que h\u00e1 exig\u00eancia da vacina.<\/p>\n<p>No Centro Municipal de Sa\u00fade Heitor Beltr\u00e3o, na Tijuca, a popula\u00e7\u00e3o chegou cedo para buscar a vacina nesta segunda-feira e 180 senhas foram distribu\u00eddas no per\u00edodo da manh\u00e3. A consultora Fernanda Reis, de 56 anos, conta que entrou na fila \u00e0s 5h50 e garantiu o atendimento com a senha n\u00famero 96.<\/p>\n<p>&#8220;\u00c0s 7h, j\u00e1 tinha funcion\u00e1rios do posto dando todas as informa\u00e7\u00f5es, verificando documentos. N\u00e3o tenho do que reclamar da m\u00e3o de obra do posto&#8221;, afirma Fernanda, que esperou em p\u00e9 at\u00e9 pouco antes das 10h. Uma queixa comum de pessoas que estavam na fila foi de que houve gente que guardou lugar antes da distribui\u00e7\u00e3o de senhas da manh\u00e3, o que fez a fila crescer.<\/p>\n<p>Fernanda e a guia de turismo Juliana Schramm, de 36 anos, chegaram juntas e s\u00f3 conseguiram tomar a vacina por volta das 10h. Juliana conta que costuma fazer trilhas e viajar para a Regi\u00e3o dos Lagos e da Costa Verde em seu trabalho, e por isso buscou a vacina.<\/p>\n<p>Tamb\u00e9m por volta das 10h, servidores do posto de sa\u00fade iniciaram a distribui\u00e7\u00e3o de mais 180 senhas, para a vacina\u00e7\u00e3o no per\u00edodo da tarde. A primeira a receber foi a advogada Paloma Pereira, de 32 anos, que tamb\u00e9m levou a filha para ser imunizada. Elas chegaram \u00e0s 7h da manh\u00e3 e ficaram fora da vacina\u00e7\u00e3o da manh\u00e3 por dois lugares na fila.<\/p>\n<p>&#8220;Embora o Rio n\u00e3o esteja em campanha, eu viajo para Nova Friburgo todo fim de semana com a minha filha&#8221;, conta ela, que acredita ter perdido um dia de trabalho. &#8220;Eu n\u00e3o fui trabalhar e minha filha n\u00e3o foi para a escola. Mas, gra\u00e7as a Deus, eu posso. Quem n\u00e3o pode, perde&#8221;.<\/p>\n<p>No centro da cidade, o Centro Especial de Vacina\u00e7\u00e3o Doutor \u00c1lvaro Aguiar tamb\u00e9m j\u00e1 tinha fila de manh\u00e3 para o per\u00edodo da tarde. Cerca de 30 pessoas aguardavam a distribui\u00e7\u00e3o das senhas por volta das 11h.<\/p>\n<p>Vinicius Lisboa &#8211; Rep\u00f3rter da Ag\u00eancia Brasil<br \/>\nEdi\u00e7\u00e3o: Gra\u00e7a Adjuto<br \/>\n21\/03\/2017<\/p>\n","protected":false},"excerpt":{"rendered":"<p>As 233 unidades de aten\u00e7\u00e3o b\u00e1sica do munic\u00edpio do Rio v\u00e3o aplicar a vacina contra a febre amarela no pr\u00f3ximo s\u00e1bado (25). Atualmente, apenas os 34 postos da capital disponibilizam a vacina\u00e7\u00e3o, que tem uma campanha prevista para a pr\u00f3xima semana. Com a medida, ser\u00e1 poss\u00edvel fazer a imuniza\u00e7\u00e3o em qualquer cl\u00ednica da fam\u00edlia ou [&hellip;]<\/p>\n","protected":false},"author":2,"featured_media":34747,"comment_status":"open","ping_status":"closed","sticky":false,"template":"","format":"standard","meta":{"tdm_status":"","tdm_grid_status":"","footnotes":""},"categories":[22,5],"tags":[],"class_list":{"0":"post-109447","1":"post","2":"type-post","3":"status-publish","4":"format-standard","5":"has-post-thumbnail","7":"category-brasil","8":"category-saude-e-vida"},"_links":{"self":[{"href":"https:\/\/migracao.redenoticia.com.br\/noticia\/wp-json\/wp\/v2\/posts\/109447","targetHints":{"allow":["GET"]}}],"collection":[{"href":"https:\/\/migracao.redenoticia.com.br\/noticia\/wp-json\/wp\/v2\/posts"}],"about":[{"href":"https:\/\/migracao.redenoticia.com.br\/noticia\/wp-json\/wp\/v2\/types\/post"}],"author":[{"embeddable":true,"href":"https:\/\/migracao.redenoticia.com.br\/noticia\/wp-json\/wp\/v2\/users\/2"}],"replies":[{"embeddable":true,"href":"https:\/\/migracao.redenoticia.com.br\/noticia\/wp-json\/wp\/v2\/comments?post=109447"}],"version-history":[{"count":0,"href":"https:\/\/migracao.redenoticia.com.br\/noticia\/wp-json\/wp\/v2\/posts\/109447\/revisions"}],"wp:featuredmedia":[{"embeddable":true,"href":"https:\/\/migracao.redenoticia.com.br\/noticia\/wp-json\/wp\/v2\/media\/34747"}],"wp:attachment":[{"href":"https:\/\/migracao.redenoticia.com.br\/noticia\/wp-json\/wp\/v2\/media?parent=109447"}],"wp:term":[{"taxonomy":"category","embeddable":true,"href":"https:\/\/migracao.redenoticia.com.br\/noticia\/wp-json\/wp\/v2\/categories?post=109447"},{"taxonomy":"post_tag","embeddable":true,"href":"https:\/\/migracao.redenoticia.com.br\/noticia\/wp-json\/wp\/v2\/tags?post=109447"}],"curies":[{"name":"wp","href":"https:\/\/api.w.org\/{rel}","templated":true}]}}