{"id":109497,"date":"2017-03-22T00:31:03","date_gmt":"2017-03-22T03:31:03","guid":{"rendered":"http:\/\/www.redenoticia.com.br\/noticia\/?p=109497"},"modified":"2017-03-21T14:02:12","modified_gmt":"2017-03-21T17:02:12","slug":"oportunidade-de-doutoramento-em-fisica-na-espanha","status":"publish","type":"post","link":"https:\/\/migracao.redenoticia.com.br\/noticia\/2017\/oportunidade-de-doutoramento-em-fisica-na-espanha\/109497","title":{"rendered":"Oportunidade de doutoramento em F\u00edsica na Espanha"},"content":{"rendered":"<p> Ag\u00eancia FAPESP \u2013 Brasileiros podem se candidatar a uma oportunidade de <em><strong>doutoramento em F\u00edsica na Espanha<\/strong><\/em>. A posi\u00e7\u00e3o foi aberta pelo Centro de F\u00edsica da Mat\u00e9ria Condensada da Universidade Aut\u00f3noma de Madrid. O selecionado trabalhar\u00e1 em pesquisa com transporte qu\u00e2ntico experimental e receber\u00e1 bolsa por quatro anos. O projeto de pesquisa ter\u00e1 in\u00edcio em junho de 2017.<\/p>\n<p>Segundo os respons\u00e1veis pelo projeto, supercondutores topol\u00f3gicos tornaram-se recentemente um t\u00f3pico de intensa atividade de pesquisa em f\u00edsica da mat\u00e9ria condensada, em grande parte devido aos estados ex\u00f3ticos conhecidos como modos-zero de Majorana que aparecem em seus limites.<\/p>\n<p>Esses, tamb\u00e9m conhecidos como modos de energia zero, justamente por n\u00e3o terem energia por causa de simetrias. Tais estados constituem uma plataforma promissora para a computa\u00e7\u00e3o qu\u00e2ntica topol\u00f3gica.<\/p>\n<p>Apesar de esses supercondutores n\u00e3o estarem presentes na natureza, experimentos (guiados por teoria) t\u00eam sido direcionados no sentido do seu desenvolvimento a partir de materiais existentes. Um dos candidatos promissores para tais sistemas s\u00e3o nanofios semicondutores-supercondutores h\u00edbridos.<\/p>\n<p>O projeto de pesquisa do qual odoutorando selecionado participar\u00e1 tem foco na aplica\u00e7\u00e3o de metodologias inexploradas em busca da constru\u00e7\u00e3o de um supercondutor topol\u00f3gico.<\/p>\n<p>Os candidatos devem ter mestrado, de prefer\u00eancia em F\u00edsica ou disciplina relacionada. Experi\u00eancia em f\u00edsica da mat\u00e9ria condensada experimental \u00e9 desejada.<\/p>\n<p>Os interessados devem enviar carta, curriculum vitae, hist\u00f3rico escolar e duas refer\u00eancias para , professor brasileiro na Universidade Aut\u00f3noma de Madrid: eduardo.lee@uam.es.<\/p>\n","protected":false},"excerpt":{"rendered":"<p>Ag\u00eancia FAPESP \u2013 Brasileiros podem se candidatar a uma oportunidade de doutoramento em F\u00edsica na Espanha. A posi\u00e7\u00e3o foi aberta pelo Centro de F\u00edsica da Mat\u00e9ria Condensada da Universidade Aut\u00f3noma de Madrid. O selecionado trabalhar\u00e1 em pesquisa com transporte qu\u00e2ntico experimental e receber\u00e1 bolsa por quatro anos. O projeto de pesquisa ter\u00e1 in\u00edcio em junho [&hellip;]<\/p>\n","protected":false},"author":2,"featured_media":34767,"comment_status":"open","ping_status":"closed","sticky":false,"template":"","format":"standard","meta":{"tdm_status":"","tdm_grid_status":"","footnotes":""},"categories":[22,351,370],"tags":[],"class_list":{"0":"post-109497","1":"post","2":"type-post","3":"status-publish","4":"format-standard","5":"has-post-thumbnail","7":"category-brasil","8":"category-cursos","9":"category-inscricao"},"_links":{"self":[{"href":"https:\/\/migracao.redenoticia.com.br\/noticia\/wp-json\/wp\/v2\/posts\/109497","targetHints":{"allow":["GET"]}}],"collection":[{"href":"https:\/\/migracao.redenoticia.com.br\/noticia\/wp-json\/wp\/v2\/posts"}],"about":[{"href":"https:\/\/migracao.redenoticia.com.br\/noticia\/wp-json\/wp\/v2\/types\/post"}],"author":[{"embeddable":true,"href":"https:\/\/migracao.redenoticia.com.br\/noticia\/wp-json\/wp\/v2\/users\/2"}],"replies":[{"embeddable":true,"href":"https:\/\/migracao.redenoticia.com.br\/noticia\/wp-json\/wp\/v2\/comments?post=109497"}],"version-history":[{"count":0,"href":"https:\/\/migracao.redenoticia.com.br\/noticia\/wp-json\/wp\/v2\/posts\/109497\/revisions"}],"wp:featuredmedia":[{"embeddable":true,"href":"https:\/\/migracao.redenoticia.com.br\/noticia\/wp-json\/wp\/v2\/media\/34767"}],"wp:attachment":[{"href":"https:\/\/migracao.redenoticia.com.br\/noticia\/wp-json\/wp\/v2\/media?parent=109497"}],"wp:term":[{"taxonomy":"category","embeddable":true,"href":"https:\/\/migracao.redenoticia.com.br\/noticia\/wp-json\/wp\/v2\/categories?post=109497"},{"taxonomy":"post_tag","embeddable":true,"href":"https:\/\/migracao.redenoticia.com.br\/noticia\/wp-json\/wp\/v2\/tags?post=109497"}],"curies":[{"name":"wp","href":"https:\/\/api.w.org\/{rel}","templated":true}]}}