{"id":109505,"date":"2017-03-22T00:36:30","date_gmt":"2017-03-22T03:36:30","guid":{"rendered":"http:\/\/www.redenoticia.com.br\/noticia\/?p=109505"},"modified":"2017-03-21T14:07:24","modified_gmt":"2017-03-21T17:07:24","slug":"saiba-o-que-cultivar-na-horta-da-sua-casa-durante-o-outono","status":"publish","type":"post","link":"https:\/\/migracao.redenoticia.com.br\/noticia\/2017\/saiba-o-que-cultivar-na-horta-da-sua-casa-durante-o-outono\/109505","title":{"rendered":"Saiba o que cultivar na horta da sua casa durante o outono"},"content":{"rendered":"<p> Voc\u00ea pode plantar temperos, ervas arom\u00e1ticas e pequenas folhagens em espa\u00e7os reduzidos, e at\u00e9 alguns tipos de frutas, em vasos maiores. Para aprender a fazer e o que <em><strong>cultivar na horta<\/strong><\/em> de sua casa, siga as dicas de Diogenes Kassaoka, diretor do Instituto de Cooperativismo e Associativismo da Coordenadoria dos Agroneg\u00f3cios, da Secretaria da Agricultura e Abastecimento do Estado de S\u00e3o Paulo, um dos autores do livro \u201cSabores da Horta, do Plantio ao Prato\u201d.<\/p>\n<p>Como iniciar<br \/>\nVoc\u00ea pode utilizar um vaso ou tamb\u00e9m outros tipos de recipientes, principalmente os recicl\u00e1veis, como garrafa pet, por exemplo. Em recipientes de pl\u00e1stico, como a garrafa pet, fa\u00e7a pequenos furos com o aux\u00edlio de uma tesoura.<\/p>\n<p>Preencha o fundo com pedrinhas, peda\u00e7os pequenos de tijolo ou argolo. Em seguida, para melhor filtragem, coloque um peda\u00e7o de feltro, areia ou fibra de coco. Preencha com terra vegetal, encontrada em casas de jardinagem, ou terra de solo comum, enriquecida com nutrientes org\u00e2nicos, como homos de minhoca ou produtos de compostagem.\u00a0Coloque a muda e complete com a terra.<\/p>\n<p>Locais e cuidados adequados<br \/>\nEscolha um ambiente iluminado e que receba sol em pelos menos um dos per\u00edodos do dia (manh\u00e3 ou tarde). Se isso n\u00e3o for poss\u00edvel, escolha um local que receba luz constante.<\/p>\n<p>N\u00e3o h\u00e1 regras fixas para regar as plantas. O importante \u00e9 manter a terra sempre \u00famida e fazer a poda somente quando os temperos ou hortali\u00e7as estiverem muito grandes. Tamb\u00e9m n\u00e3o \u00e9 necess\u00e1rio mudar a terra com o passar do tempo. Por\u00e9m, se as ra\u00edzes crescerem muito e ultrapassarem os limites do vaso, \u00e9 aconselh\u00e1vel podar as ra\u00edzes, tamb\u00e9m.<\/p>\n<p>O que plantar<br \/>\nTemperos como o coentro, or\u00e9gano, salsinha, hortel\u00e3, cebolinha e s\u00e1lvia s\u00e3o os produtos ideais de serem plantados nesta \u00e9poca do ano, em que o calor \u00e9 mais ameno e o frio \u00e9 menos intenso.<\/p>\n<p>Cozinhar com temperos e ervas arom\u00e1ticas frescos e naturais torna os alimentos mais saud\u00e1veis e saborosos. Tamb\u00e9m \u00e9 poss\u00edvel plantar hortali\u00e7as de pequeno porte, como alface, chic\u00f3ria, r\u00facula, e vegetais de ra\u00edzes pequenas, como o rabanete. Para as frutas, como morangos e mel\u00e3o, \u00e9 necess\u00e1rio um vaso maior, de pelo menos 5 litros.<\/p>\n<p>Mais sabor, menos sal<br \/>\nTer produtos naturais sempre \u00e0 m\u00e3o \u00e9 uma das principais vantagens de quem tem uma horta em casa. Al\u00e9m de mais saud\u00e1vel, cozinhar com temperos naturais reduz o uso do sal, ingrediente que traz riscos de hipertens\u00e3o e outras doen\u00e7as, se consumido em demasia.<\/p>\n<p>A Codeagro apoia e incentiva iniciativas de alimenta\u00e7\u00e3o saud\u00e1vel como o cultivo de hortas e \u00e9 parceira do Fundo Social de Solidariedade no programa Horta Educativa (), de cultivo de hortali\u00e7as em escolas. O mote da Codeagro \u00e9 Mais Sabor com Menos Sal.<\/p>\n<p>Como forma de incentivar as pessoas a terem hortali\u00e7as em suas resid\u00eancias aproveitando os espa\u00e7os dispon\u00edveis, a Codeagro produziu a publica\u00e7\u00e3o \u201cSabores da Horta, do Plantio ao Prato\u201d, que est\u00e1 \u00e0 disposi\u00e7\u00e3o para downloads (acesse ) ou em sites de livrarias digitais como a Amazon e Kobo.<\/p>\n<p>Nela, \u00e9 poss\u00edvel acessar o passo a passo de uma pequena horta, as caracter\u00edsticas do alimentos, receitas e outras informa\u00e7\u00f5es interessantes.<\/p>\n<p>Do Portal do Governo SP<\/p>\n","protected":false},"excerpt":{"rendered":"<p>Voc\u00ea pode plantar temperos, ervas arom\u00e1ticas e pequenas folhagens em espa\u00e7os reduzidos, e at\u00e9 alguns tipos de frutas, em vasos maiores. Para aprender a fazer e o que cultivar na horta de sua casa, siga as dicas de Diogenes Kassaoka, diretor do Instituto de Cooperativismo e Associativismo da Coordenadoria dos Agroneg\u00f3cios, da Secretaria da Agricultura [&hellip;]<\/p>\n","protected":false},"author":2,"featured_media":21255,"comment_status":"open","ping_status":"closed","sticky":false,"template":"","format":"standard","meta":{"tdm_status":"","tdm_grid_status":"","footnotes":""},"categories":[22,5],"tags":[],"class_list":{"0":"post-109505","1":"post","2":"type-post","3":"status-publish","4":"format-standard","5":"has-post-thumbnail","7":"category-brasil","8":"category-saude-e-vida"},"_links":{"self":[{"href":"https:\/\/migracao.redenoticia.com.br\/noticia\/wp-json\/wp\/v2\/posts\/109505","targetHints":{"allow":["GET"]}}],"collection":[{"href":"https:\/\/migracao.redenoticia.com.br\/noticia\/wp-json\/wp\/v2\/posts"}],"about":[{"href":"https:\/\/migracao.redenoticia.com.br\/noticia\/wp-json\/wp\/v2\/types\/post"}],"author":[{"embeddable":true,"href":"https:\/\/migracao.redenoticia.com.br\/noticia\/wp-json\/wp\/v2\/users\/2"}],"replies":[{"embeddable":true,"href":"https:\/\/migracao.redenoticia.com.br\/noticia\/wp-json\/wp\/v2\/comments?post=109505"}],"version-history":[{"count":0,"href":"https:\/\/migracao.redenoticia.com.br\/noticia\/wp-json\/wp\/v2\/posts\/109505\/revisions"}],"wp:featuredmedia":[{"embeddable":true,"href":"https:\/\/migracao.redenoticia.com.br\/noticia\/wp-json\/wp\/v2\/media\/21255"}],"wp:attachment":[{"href":"https:\/\/migracao.redenoticia.com.br\/noticia\/wp-json\/wp\/v2\/media?parent=109505"}],"wp:term":[{"taxonomy":"category","embeddable":true,"href":"https:\/\/migracao.redenoticia.com.br\/noticia\/wp-json\/wp\/v2\/categories?post=109505"},{"taxonomy":"post_tag","embeddable":true,"href":"https:\/\/migracao.redenoticia.com.br\/noticia\/wp-json\/wp\/v2\/tags?post=109505"}],"curies":[{"name":"wp","href":"https:\/\/api.w.org\/{rel}","templated":true}]}}