{"id":109507,"date":"2017-03-22T00:37:29","date_gmt":"2017-03-22T03:37:29","guid":{"rendered":"http:\/\/www.redenoticia.com.br\/noticia\/?p=109507"},"modified":"2017-03-21T14:08:27","modified_gmt":"2017-03-21T17:08:27","slug":"terceiro-caso-de-febre-amarela-e-confirmado-no-rio-de-janeiro","status":"publish","type":"post","link":"https:\/\/migracao.redenoticia.com.br\/noticia\/2017\/terceiro-caso-de-febre-amarela-e-confirmado-no-rio-de-janeiro\/109507","title":{"rendered":"Terceiro caso de febre amarela \u00e9 confirmado no Rio de Janeiro"},"content":{"rendered":"<p> A Secretaria Estadual de Sa\u00fade do Rio de Janeiro confirmou o terceiro caso de <strong><em>febre amarela<\/em><\/strong> no munic\u00edpio de Casimiro de Abreu, na regi\u00e3o da Baixada Litor\u00e2nea. Joaquim de Oliveira Santos, de 45 anos, foi transferido no fim de semana do Hospital Municipal \u00c2ngela Maria Sim\u00f5es, em Casimiro de Abreu, para o Instituto Estadual de Infectologia S\u00e3o Sebasti\u00e3o, localizado dentro do Hospital dos Servidores do Estado, na capital fluminense. De acordo com a assessoria da Secretaria Municipal de Sa\u00fade de Casimiro de Abreu, o quadro do paciente \u00e9 est\u00e1vel e ele volta ainda hoje para o Hospital \u00c2ngela Maria Sim\u00f5es, em Casimiro de Abreu.<\/p>\n<p>O paciente \u00e9 tio de Watila Santos, pedreiro que morreu no \u00faltimo dia 11, v\u00edtima da doen\u00e7a. A outra v\u00edtima, Alessandro Valen\u00e7a Couto, de 37 anos, recebeu alta hoje de manh\u00e3 do Hospital dos Servidores. A enteada de Watila, uma menina de 9 anos, permanece internada, sem previs\u00e3o de alta. Ela foi transferida na sexta-feira (17) de Casimiro de Abreu para o Hospital Estadual Alberto Torres, em S\u00e3o Gon\u00e7alo, regi\u00e3o metropolitana do Rio, depois de apresentar um quadro de dores abdominais. Mais tr\u00eas enteados do pedreiro, um menino de 8 anos e duas meninas de 6 e 11 anos, tiveram alta no fim de semana do Hospital Municipal \u00c2ngela Maria Sim\u00f5es.<\/p>\n<p>Vacina\u00e7\u00e3o<\/p>\n<p>A prefeitura de Casimiro de Abreu vacinou mais de 40 mil dos 42 mil moradores da cidade. Como a maior parte da popula\u00e7\u00e3o j\u00e1 foi vacinada contra a febre amarela, o hospital de campanha instalado na Pra\u00e7a Feliciano Sodr\u00e9, na sede do munic\u00edpio, encerrou o trabalho de vacina\u00e7\u00e3o no \u00faltimo s\u00e1bado (18).<\/p>\n<p>Os postos de sa\u00fade e centros de refer\u00eancia continuam vacinando a popula\u00e7\u00e3o do munic\u00edpio diariamente, a partir das 8h. A partir da semana que vem, a prefeitura informou que ser\u00e1 necess\u00e1rio apresentar cart\u00e3o do Sistema \u00danico de Sa\u00fade (SUS) e comprovante de resid\u00eancia para receber a vacina.<\/p>\n<p>Fl\u00e1via Villela &#8211; Rep\u00f3rter da Ag\u00eancia Brasil<br \/>\nEdi\u00e7\u00e3o: Gra\u00e7a Adjuto<br \/>\n22\/03\/2017<\/p>\n","protected":false},"excerpt":{"rendered":"<p>A Secretaria Estadual de Sa\u00fade do Rio de Janeiro confirmou o terceiro caso de febre amarela no munic\u00edpio de Casimiro de Abreu, na regi\u00e3o da Baixada Litor\u00e2nea. Joaquim de Oliveira Santos, de 45 anos, foi transferido no fim de semana do Hospital Municipal \u00c2ngela Maria Sim\u00f5es, em Casimiro de Abreu, para o Instituto Estadual de [&hellip;]<\/p>\n","protected":false},"author":2,"featured_media":37376,"comment_status":"open","ping_status":"closed","sticky":false,"template":"","format":"standard","meta":{"tdm_status":"","tdm_grid_status":"","footnotes":""},"categories":[22,5],"tags":[],"class_list":{"0":"post-109507","1":"post","2":"type-post","3":"status-publish","4":"format-standard","5":"has-post-thumbnail","7":"category-brasil","8":"category-saude-e-vida"},"_links":{"self":[{"href":"https:\/\/migracao.redenoticia.com.br\/noticia\/wp-json\/wp\/v2\/posts\/109507","targetHints":{"allow":["GET"]}}],"collection":[{"href":"https:\/\/migracao.redenoticia.com.br\/noticia\/wp-json\/wp\/v2\/posts"}],"about":[{"href":"https:\/\/migracao.redenoticia.com.br\/noticia\/wp-json\/wp\/v2\/types\/post"}],"author":[{"embeddable":true,"href":"https:\/\/migracao.redenoticia.com.br\/noticia\/wp-json\/wp\/v2\/users\/2"}],"replies":[{"embeddable":true,"href":"https:\/\/migracao.redenoticia.com.br\/noticia\/wp-json\/wp\/v2\/comments?post=109507"}],"version-history":[{"count":0,"href":"https:\/\/migracao.redenoticia.com.br\/noticia\/wp-json\/wp\/v2\/posts\/109507\/revisions"}],"wp:featuredmedia":[{"embeddable":true,"href":"https:\/\/migracao.redenoticia.com.br\/noticia\/wp-json\/wp\/v2\/media\/37376"}],"wp:attachment":[{"href":"https:\/\/migracao.redenoticia.com.br\/noticia\/wp-json\/wp\/v2\/media?parent=109507"}],"wp:term":[{"taxonomy":"category","embeddable":true,"href":"https:\/\/migracao.redenoticia.com.br\/noticia\/wp-json\/wp\/v2\/categories?post=109507"},{"taxonomy":"post_tag","embeddable":true,"href":"https:\/\/migracao.redenoticia.com.br\/noticia\/wp-json\/wp\/v2\/tags?post=109507"}],"curies":[{"name":"wp","href":"https:\/\/api.w.org\/{rel}","templated":true}]}}