{"id":109544,"date":"2017-03-21T16:41:23","date_gmt":"2017-03-21T19:41:23","guid":{"rendered":"http:\/\/www.redenoticia.com.br\/noticia\/?p=109544"},"modified":"2017-03-21T16:41:23","modified_gmt":"2017-03-21T19:41:23","slug":"resumo-novela-malhacao-2203-joana-teme-perder-ricardo","status":"publish","type":"post","link":"https:\/\/migracao.redenoticia.com.br\/noticia\/2017\/resumo-novela-malhacao-2203-joana-teme-perder-ricardo\/109544","title":{"rendered":"Resumo novela \u201cMalha\u00e7\u00e3o\u201d 22\/03: Joana teme perder Ricardo"},"content":{"rendered":"<p> <img loading=\"lazy\" decoding=\"async\" class=\"alignleft size-thumbnail wp-image-91715\" src=\"https:\/\/migracao.redenoticia.com.br\/noticia\/imagens\/malhacao_pro_dia_nascer_feliz_resumo_novela-150x112.jpg\" alt=\"malhacao_pro_dia_nascer_feliz_resumo_novela\" width=\"150\" height=\"112\" srcset=\"https:\/\/migracao.redenoticia.com.br\/noticia\/imagens\/malhacao_pro_dia_nascer_feliz_resumo_novela-150x112.jpg 150w, https:\/\/migracao.redenoticia.com.br\/noticia\/imagens\/malhacao_pro_dia_nascer_feliz_resumo_novela-265x198.jpg 265w\" sizes=\"auto, (max-width: 150px) 100vw, 150px\" \/><strong><em>Resumo novela \u201cMalha\u00e7\u00e3o\u201d 22\/03<\/em><\/strong>: no cap\u00edtulo 151 (*) da novela \u201cMalha\u00e7\u00e3o\u201d, resumo de quarta-feira, 22 de mar\u00e7o, os param\u00e9dicos socorrem T\u00e2nia e Ricardo, que est\u00e1 em estado grave. B\u00e1rbara vai ao encontro de T\u00e2nia e se enfurece com a namorada do pai. Renato e Nanda combinam de comemorar o dia em que o professor recebeu o cora\u00e7\u00e3o de Filipe. Joana descobre sobre o acidente do pai e vai para o hospital. Ricardo \u00e9 operado. Lucas apoia Martinha, e Luzia se incomoda. B\u00e1rbara pro\u00edbe Joana e T\u00e2nia de se aproximarem de Ricardo. T\u00e2nia afirma a B\u00e1rbara que tem uma c\u00f3pia do novo testamento de Ricardo. Filipe aparece para Nanda. Joana teme perder Ricardo.<\/p>\n<p>(*) edi\u00e7\u00e3o da Rede Globo, Novela \u201cMalha\u00e7\u00e3o\u201d, sujeito a altera\u00e7\u00e3o de data e conte\u00fado.<\/p>\n<p>A vig\u00e9sima quarta temporada da s\u00e9rie de televis\u00e3o brasileira Malha\u00e7\u00e3o (tamb\u00e9m chamada de Malha\u00e7\u00e3o: Pro Dia Nascer Feliz ou Malha\u00e7\u00e3o 2016), \u00e9 produzida pela Rede Globo e transmitida desde 22 de agosto de 2016. \u00c9 escrita por Emanuel Jacobina, com a colabora\u00e7\u00e3o de Cristiane Dantas, Rodrigo Salom\u00e3o, Juliana Peres, Dino Cantelli, Z\u00e9 Dassilva, Anna Lee e Bruna Paix\u00e3o, dire\u00e7\u00e3o de Mariana Richard e Marco Rodrigo, dire\u00e7\u00e3o geral de Adriano Melo e dire\u00e7\u00e3o art\u00edstica de Leonardo Nogueira. Nesta temporada, escrita pelo autor das duas primeiras temporadas, o n\u00facleo volta a ser uma academia, tendo Aline Dias e Felipe Roque como casal principal da trama. Deborah Secco, Marcos Pasquim, Ricardo Vianna, Amanda de Godoi, Giulia Gayoso, Juliano Laham, Laryssa Ayres, S\u00e9rgio Malheiros, Cynthia Senek, Nego do Borel, Louise Cardoso, Joana Fomm, Oscar Magrini, Malu Falangola, Thiago Fragoso e Barbara Fran\u00e7a interpretam os demais pap\u00e9is centrais da hist\u00f3ria.<\/p>\n","protected":false},"excerpt":{"rendered":"<p>Resumo novela \u201cMalha\u00e7\u00e3o\u201d 22\/03: no cap\u00edtulo 151 (*) da novela \u201cMalha\u00e7\u00e3o\u201d, resumo de quarta-feira, 22 de mar\u00e7o, os param\u00e9dicos socorrem T\u00e2nia e Ricardo, que est\u00e1 em estado grave. B\u00e1rbara vai ao encontro de T\u00e2nia e se enfurece com a namorada do pai. Renato e Nanda combinam de comemorar o dia em que o professor recebeu [&hellip;]<\/p>\n","protected":false},"author":2,"featured_media":91715,"comment_status":"open","ping_status":"closed","sticky":false,"template":"","format":"standard","meta":{"tdm_status":"","tdm_grid_status":"","footnotes":""},"categories":[447,379,375,343],"tags":[441],"class_list":{"0":"post-109544","1":"post","2":"type-post","3":"status-publish","4":"format-standard","5":"has-post-thumbnail","7":"category-malhacao","8":"category-novelas","9":"category-rede-globo","10":"category-televisao","11":"tag-resumo-do-dia"},"_links":{"self":[{"href":"https:\/\/migracao.redenoticia.com.br\/noticia\/wp-json\/wp\/v2\/posts\/109544","targetHints":{"allow":["GET"]}}],"collection":[{"href":"https:\/\/migracao.redenoticia.com.br\/noticia\/wp-json\/wp\/v2\/posts"}],"about":[{"href":"https:\/\/migracao.redenoticia.com.br\/noticia\/wp-json\/wp\/v2\/types\/post"}],"author":[{"embeddable":true,"href":"https:\/\/migracao.redenoticia.com.br\/noticia\/wp-json\/wp\/v2\/users\/2"}],"replies":[{"embeddable":true,"href":"https:\/\/migracao.redenoticia.com.br\/noticia\/wp-json\/wp\/v2\/comments?post=109544"}],"version-history":[{"count":0,"href":"https:\/\/migracao.redenoticia.com.br\/noticia\/wp-json\/wp\/v2\/posts\/109544\/revisions"}],"wp:featuredmedia":[{"embeddable":true,"href":"https:\/\/migracao.redenoticia.com.br\/noticia\/wp-json\/wp\/v2\/media\/91715"}],"wp:attachment":[{"href":"https:\/\/migracao.redenoticia.com.br\/noticia\/wp-json\/wp\/v2\/media?parent=109544"}],"wp:term":[{"taxonomy":"category","embeddable":true,"href":"https:\/\/migracao.redenoticia.com.br\/noticia\/wp-json\/wp\/v2\/categories?post=109544"},{"taxonomy":"post_tag","embeddable":true,"href":"https:\/\/migracao.redenoticia.com.br\/noticia\/wp-json\/wp\/v2\/tags?post=109544"}],"curies":[{"name":"wp","href":"https:\/\/api.w.org\/{rel}","templated":true}]}}