{"id":109563,"date":"2017-03-21T16:45:54","date_gmt":"2017-03-21T19:45:54","guid":{"rendered":"http:\/\/www.redenoticia.com.br\/noticia\/?p=109563"},"modified":"2017-03-21T16:45:54","modified_gmt":"2017-03-21T19:45:54","slug":"resumo-novela-chiquititas-2203-chiquititas-armam-contra-a-zeladora","status":"publish","type":"post","link":"https:\/\/migracao.redenoticia.com.br\/noticia\/2017\/resumo-novela-chiquititas-2203-chiquititas-armam-contra-a-zeladora\/109563","title":{"rendered":"Resumo novela \u201cChiquititas\u201d 22\/03: Chiquititas armam contra a zeladora"},"content":{"rendered":"<p><img loading=\"lazy\" decoding=\"async\" class=\"alignleft size-thumbnail wp-image-49690\" src=\"https:\/\/migracao.redenoticia.com.br\/noticia\/imagens\/chiquititas1-150x112.jpg\" alt=\"chiquititas\" width=\"150\" height=\"112\" \/><strong><em>Resumo novela \u201cChiquititas\u201d 22\/03<\/em><\/strong>: no cap\u00edtulo 137(*) da novela \u201cChiquititas\u201d, resumo de quarta-feira, 22 de mar\u00e7o, Matilde se sentiu desafiada e ordena que todas as Chiquititas fa\u00e7am 100 flex\u00f5es. Carmen diz para Jos\u00e9 Ricardo o que viu no orfanato, mas ele n\u00e3o quer aceitar a verdade. Maria Cec\u00edlia diz pra Eduarda que Junior est\u00e1 realmente solteiro. Ernestina corta a luz do orfanato ao anoitecer e diz que n\u00e3o quer ouvir a voz das crian\u00e7as. Clarita segue Beto com a ajuda de Tobias. Ela vai at\u00e9 a balada e quer ver o que \u00c9rica quer com Beto. Os dois s\u00e3o barrados na entrada da balada e Clarita tem a ideia de Tobias se vestir de Thomas Ferraz para entrarem no local. Tobias consegue entrar na balada, disfar\u00e7ado. Clarita fica do lado de fora e manda o amigo filmar tudo e n\u00e3o deixar \u00c9rica se aproximar de Beto. \u00c9rica beija Beto. O rapaz v\u00ea Tobias e vai falar com ele. Beto implora que o amigo n\u00e3o conte nada para Clarita. Enquanto isso, no orfanato, as chiquititas se unem e colocam em pratica um plano contra Ernestina. Elas colocam ratoeiras dentro do chinelo da zeladora.<\/p>\n<p>(*) edi\u00e7\u00e3o do SBT, Novela \u201cChiquititas\u201d, sujeito a altera\u00e7\u00e3o de data e conte\u00fado.<\/p>\n<p>Chiquititas gira em torno do orfanato Raio de Luz, que carrega em sua hist\u00f3ria um grande segredo envolvendo a fam\u00edlia e o dono do orfanato, Dr. Jos\u00e9 Ricardo Almeida Campos. Em um per\u00edodo anterior \u00e0 novela, exatos treze anos, sua filha Gabriela se apaixonou e ficou gr\u00e1vida de Miguel, filho de Valentina, empregada da casa dos Almeida Campos. Pouco depois, Jos\u00e9 Ricardo sequestrou sua neta, pois, como um homem conservador, ele n\u00e3o aceitava a ideia de que sua filha se envolvesse com um empregado. Como sua neta, Milena, apelidada como Mili, precisava de um lugar para morar, ele comprou um casar\u00e3o e fundou um orfanato, o Raio de Luz. Mili cresceu l\u00e1 com outras garotas que chegaram posteriormente: Bia, Ana, as irm\u00e3s Tati e Vivi, e Cris. Ao decorrer dos anos, elas se tornam uma fam\u00edlia. Elas s\u00e3o supervisionadas por Ernestina, zeladora do orfanato, e Chico, o cozinheiro amado pelas internas. Sofia, ex-governanta da fam\u00edlia Almeida Campos, \u00e9 a diretora do lugar, at\u00e9 que Carmem, irm\u00e3 de Jos\u00e9 Ricardo, entre em seu lugar. Chegam ainda mais \u00f3rf\u00e3os: Pata, Mosca, Binho e Rafa, que viviam nas ruas antes de entrarem na institui\u00e7\u00e3o. Pata e Mili tornam-se amigas rapidamente, enquanto Mosca, Binho e Rafa s\u00e3o os primeiros garotos a entrar no abrigo. As crian\u00e7as sem-teto foram ajudadas por uma doce e bela garota que tocam e mudam a vida delas, assim como as das garotas \u00f3rf\u00e3s.<\/p>\n","protected":false},"excerpt":{"rendered":"<p>Resumo novela \u201cChiquititas\u201d 22\/03: no cap\u00edtulo 137(*) da novela \u201cChiquititas\u201d, resumo de quarta-feira, 22 de mar\u00e7o, Matilde se sentiu desafiada e ordena que todas as Chiquititas fa\u00e7am 100 flex\u00f5es. Carmen diz para Jos\u00e9 Ricardo o que viu no orfanato, mas ele n\u00e3o quer aceitar a verdade. Maria Cec\u00edlia diz pra Eduarda que Junior est\u00e1 realmente [&hellip;]<\/p>\n","protected":false},"author":4,"featured_media":49690,"comment_status":"open","ping_status":"closed","sticky":false,"template":"","format":"standard","meta":{"tdm_status":"","tdm_grid_status":"","footnotes":""},"categories":[409,379,372,343],"tags":[441],"class_list":{"0":"post-109563","1":"post","2":"type-post","3":"status-publish","4":"format-standard","5":"has-post-thumbnail","7":"category-chiquititas","8":"category-novelas","9":"category-sbt","10":"category-televisao","11":"tag-resumo-do-dia"},"_links":{"self":[{"href":"https:\/\/migracao.redenoticia.com.br\/noticia\/wp-json\/wp\/v2\/posts\/109563","targetHints":{"allow":["GET"]}}],"collection":[{"href":"https:\/\/migracao.redenoticia.com.br\/noticia\/wp-json\/wp\/v2\/posts"}],"about":[{"href":"https:\/\/migracao.redenoticia.com.br\/noticia\/wp-json\/wp\/v2\/types\/post"}],"author":[{"embeddable":true,"href":"https:\/\/migracao.redenoticia.com.br\/noticia\/wp-json\/wp\/v2\/users\/4"}],"replies":[{"embeddable":true,"href":"https:\/\/migracao.redenoticia.com.br\/noticia\/wp-json\/wp\/v2\/comments?post=109563"}],"version-history":[{"count":0,"href":"https:\/\/migracao.redenoticia.com.br\/noticia\/wp-json\/wp\/v2\/posts\/109563\/revisions"}],"wp:featuredmedia":[{"embeddable":true,"href":"https:\/\/migracao.redenoticia.com.br\/noticia\/wp-json\/wp\/v2\/media\/49690"}],"wp:attachment":[{"href":"https:\/\/migracao.redenoticia.com.br\/noticia\/wp-json\/wp\/v2\/media?parent=109563"}],"wp:term":[{"taxonomy":"category","embeddable":true,"href":"https:\/\/migracao.redenoticia.com.br\/noticia\/wp-json\/wp\/v2\/categories?post=109563"},{"taxonomy":"post_tag","embeddable":true,"href":"https:\/\/migracao.redenoticia.com.br\/noticia\/wp-json\/wp\/v2\/tags?post=109563"}],"curies":[{"name":"wp","href":"https:\/\/api.w.org\/{rel}","templated":true}]}}