{"id":109594,"date":"2017-03-23T00:07:18","date_gmt":"2017-03-23T03:07:18","guid":{"rendered":"http:\/\/www.redenoticia.com.br\/noticia\/?p=109594"},"modified":"2017-03-22T14:08:45","modified_gmt":"2017-03-22T17:08:45","slug":"professores-da-rede-publica-sao-capacitados-em-computacao-e-robotica","status":"publish","type":"post","link":"https:\/\/migracao.redenoticia.com.br\/noticia\/2017\/professores-da-rede-publica-sao-capacitados-em-computacao-e-robotica\/109594","title":{"rendered":"Professores da rede p\u00fablica s\u00e3o capacitados em Computa\u00e7\u00e3o e Rob\u00f3tica"},"content":{"rendered":"<p> Ag\u00eancia FAPESP \u2013 O Instituto de Ci\u00eancias Matem\u00e1ticas e de Computa\u00e7\u00e3o (ICMC) da Universidade de S\u00e3o Paulo (USP) em S\u00e3o Carlos est\u00e1 oferecendo <strong><em>cursos de Computa\u00e7\u00e3o e Rob\u00f3tica<\/em><\/strong> com foco na capacita\u00e7\u00e3o de professores do ensino m\u00e9dio da rede p\u00fablica de ensino. As aulas come\u00e7aram no \u00faltimo dia 11 de mar\u00e7o e seguem at\u00e9 27 de maio.<\/p>\n<p>O curso de Computa\u00e7\u00e3o oferece conceitos de programa\u00e7\u00e3o, mostrando aos alunos estruturas de constru\u00e7\u00e3o de algoritmos e de linguagens de programa\u00e7\u00e3o. J\u00e1 o curso de Rob\u00f3tica tem como objetivo explicar como \u00e9 a estrutura b\u00e1sica de um rob\u00f4, apresentando os v\u00e1rios componentes que o comp\u00f5em, como sensores e atuadores.<\/p>\n<p>Os participantes tamb\u00e9m aprendem princ\u00edpios de montagem e programa\u00e7\u00e3o de rob\u00f4s, com atividades pr\u00e1ticas usando um kit rob\u00f3tico que tem financiamento do Centro de Ci\u00eancias Matem\u00e1ticas Aplicadas \u00e0 Ind\u00fastria (), um dos Centros de Pesquisa, Inova\u00e7\u00e3o e Difus\u00e3o () apoiados pela FAPESP. O curso conta tamb\u00e9m com o apoio do Centro de Rob\u00f3tica da USP em S\u00e3o Carlos (CROB).<\/p>\n<p>A coordena\u00e7\u00e3o \u00e9 da professora do ICMC e pesquisadora do CEPID-CeMEAI . \u201cN\u00f3s queremos investir bastante na forma\u00e7\u00e3o dos professores para que eles possam criar solu\u00e7\u00f5es novas, metodologias novas de ensino, usando a rob\u00f3tica\u201d, afirmou Romero \u00e0 Assessoria de Comunica\u00e7\u00e3o do CeMEAI.<\/p>\n<p>Para mais informa\u00e7\u00f5es envie e-mail para contatocemeai@icmc.usp.br.<\/p>\n","protected":false},"excerpt":{"rendered":"<p>Ag\u00eancia FAPESP \u2013 O Instituto de Ci\u00eancias Matem\u00e1ticas e de Computa\u00e7\u00e3o (ICMC) da Universidade de S\u00e3o Paulo (USP) em S\u00e3o Carlos est\u00e1 oferecendo cursos de Computa\u00e7\u00e3o e Rob\u00f3tica com foco na capacita\u00e7\u00e3o de professores do ensino m\u00e9dio da rede p\u00fablica de ensino. As aulas come\u00e7aram no \u00faltimo dia 11 de mar\u00e7o e seguem at\u00e9 27 [&hellip;]<\/p>\n","protected":false},"author":2,"featured_media":57577,"comment_status":"open","ping_status":"closed","sticky":false,"template":"","format":"standard","meta":{"tdm_status":"","tdm_grid_status":"","footnotes":""},"categories":[22,351,370],"tags":[],"class_list":{"0":"post-109594","1":"post","2":"type-post","3":"status-publish","4":"format-standard","5":"has-post-thumbnail","7":"category-brasil","8":"category-cursos","9":"category-inscricao"},"_links":{"self":[{"href":"https:\/\/migracao.redenoticia.com.br\/noticia\/wp-json\/wp\/v2\/posts\/109594","targetHints":{"allow":["GET"]}}],"collection":[{"href":"https:\/\/migracao.redenoticia.com.br\/noticia\/wp-json\/wp\/v2\/posts"}],"about":[{"href":"https:\/\/migracao.redenoticia.com.br\/noticia\/wp-json\/wp\/v2\/types\/post"}],"author":[{"embeddable":true,"href":"https:\/\/migracao.redenoticia.com.br\/noticia\/wp-json\/wp\/v2\/users\/2"}],"replies":[{"embeddable":true,"href":"https:\/\/migracao.redenoticia.com.br\/noticia\/wp-json\/wp\/v2\/comments?post=109594"}],"version-history":[{"count":0,"href":"https:\/\/migracao.redenoticia.com.br\/noticia\/wp-json\/wp\/v2\/posts\/109594\/revisions"}],"wp:featuredmedia":[{"embeddable":true,"href":"https:\/\/migracao.redenoticia.com.br\/noticia\/wp-json\/wp\/v2\/media\/57577"}],"wp:attachment":[{"href":"https:\/\/migracao.redenoticia.com.br\/noticia\/wp-json\/wp\/v2\/media?parent=109594"}],"wp:term":[{"taxonomy":"category","embeddable":true,"href":"https:\/\/migracao.redenoticia.com.br\/noticia\/wp-json\/wp\/v2\/categories?post=109594"},{"taxonomy":"post_tag","embeddable":true,"href":"https:\/\/migracao.redenoticia.com.br\/noticia\/wp-json\/wp\/v2\/tags?post=109594"}],"curies":[{"name":"wp","href":"https:\/\/api.w.org\/{rel}","templated":true}]}}